{"id":28160,"date":"2024-04-17T15:01:37","date_gmt":"2024-04-17T14:01:37","guid":{"rendered":"https:\/\/letempsmag.ma\/?p=28160"},"modified":"2024-04-17T15:01:38","modified_gmt":"2024-04-17T14:01:38","slug":"la-collection-des-bijoux-berberes-du-palais-royal-remporte-un-beau-succes-a-doha","status":"publish","type":"post","link":"https:\/\/letempsmag.ma\/?p=28160","title":{"rendered":"La collection des bijoux berb\u00e8res du Palais Royal remporte un beau succ\u00e8s \u00e0 Doha"},"content":{"rendered":"\n<p>Les Marocains \u00e9tablis au Qatar ainsi que les Qataris ont exprim\u00e9 leur grande fiert\u00e9 en d\u00e9couvrant la collection des bijoux berb\u00e8res du Palais Royal, qui repr\u00e9sente une facette exceptionnelle du patrimoine mat\u00e9riel et immat\u00e9riel marocain. Une fiert\u00e9 d\u2019autant plus grande que c\u2019est la premi\u00e8re fois que la collection des bijoux berb\u00e8res du Palais Royal du Maroc est expos\u00e9e en dehors du Royaume.<\/p>\n\n\n\n<p>L\u2019art et la culture marocains sont ainsi \u00e0 l\u2019honneur \u00e0 Doha au Qatar au prestigieux Mus\u00e9e d\u2019Art Islamique de Doha. Cette collection des bijoux berb\u00e8res du Palais Royal, expos\u00e9e \u00e0 Doha jusqu\u2019au 20 mai prochain, s\u2019inscrit dans le cadre de L\u2019Ann\u00e9e Culturelle Qatar-Maroc 2024. L\u2019\u00e9v\u00e9nement t\u00e9moigne de la profondeur des liens forts et historiques entre les deux peuples fr\u00e8res et les deux Chefs d\u2019\u00c9tat, S.M. le Roi Mohammed VI et Son Altesse Cheikh Tamim Ben Hamad Al Thani.<\/p>\n\n\n\n<p>L\u2019\u00e9v\u00e9nement conna\u00eet un grand succ\u00e8s et une affluence record de la part des Marocains \u00e9tablis au Qatar. Organis\u00e9e par la Fondation Nationale des Mus\u00e9es du Royaume du Maroc et le Mus\u00e9e d&#8217;Art Islamique de Doha avec le soutien de l\u2019Ambassade du Maroc \u00e0 Doha, l\u2019exposition est coordonn\u00e9e par Adel El Fakir, Directeur G\u00e9n\u00e9ral de l\u2019Office National Marocain du Tourisme et Commissaire G\u00e9n\u00e9ral de l\u2019Ann\u00e9e Culturelle Qatar-Maroc 2024.<\/p>\n\n\n\n<p>\u00abLe Royaume du Maroc, sous la conduite \u00e9clair\u00e9e de Sa Majest\u00e9 le Roi Mohammed VI, que Dieu L\u2019assiste, est honor\u00e9 de pouvoir mettre en avant \u00e0 Doha la collection des bijoux berb\u00e8res du Palais Royal. Cette Collection, qui fait la fiert\u00e9 des Marocains \u00e9tablis au Qatar, est compos\u00e9e de 200 pi\u00e8ces d&#8217;importance historique et culturelle et repr\u00e9sente les diverses r\u00e9gions et groupes ethniques du Maroc, des montagnes de l\u2019Atlas aux provinces du Sud\u00bb, souligne Adel El Fakir.<\/p>\n","protected":false},"excerpt":{"rendered":"<p>Les Marocains \u00e9tablis au Qatar ainsi que les Qataris ont exprim\u00e9 leur grande fiert\u00e9 en d\u00e9couvrant la collection des bijoux berb\u00e8res du Palais Royal, qui repr\u00e9sente une facette exceptionnelle du patrimoine mat\u00e9riel et immat\u00e9riel marocain. Une fiert\u00e9 d\u2019autant plus grande que c\u2019est la premi\u00e8re fois que la collection des bijoux berb\u00e8res du Palais Royal du &hellip;<\/p>\n","protected":false},"author":9,"featured_media":28161,"comment_status":"open","ping_status":"closed","sticky":false,"template":"","format":"standard","meta":{"footnotes":""},"categories":[56],"tags":[],"class_list":["post-28160","post","type-post","status-publish","format-standard","has-post-thumbnail","hentry","category-patrimoine"],"_links":{"self":[{"href":"https:\/\/letempsmag.ma\/index.php?rest_route=\/wp\/v2\/posts\/28160","targetHints":{"allow":["GET"]}}],"collection":[{"href":"https:\/\/letempsmag.ma\/index.php?rest_route=\/wp\/v2\/posts"}],"about":[{"href":"https:\/\/letempsmag.ma\/index.php?rest_route=\/wp\/v2\/types\/post"}],"author":[{"embeddable":true,"href":"https:\/\/letempsmag.ma\/index.php?rest_route=\/wp\/v2\/users\/9"}],"replies":[{"embeddable":true,"href":"https:\/\/letempsmag.ma\/index.php?rest_route=%2Fwp%2Fv2%2Fcomments&post=28160"}],"version-history":[{"count":1,"href":"https:\/\/letempsmag.ma\/index.php?rest_route=\/wp\/v2\/posts\/28160\/revisions"}],"predecessor-version":[{"id":28162,"href":"https:\/\/letempsmag.ma\/index.php?rest_route=\/wp\/v2\/posts\/28160\/revisions\/28162"}],"wp:featuredmedia":[{"embeddable":true,"href":"https:\/\/letempsmag.ma\/index.php?rest_route=\/wp\/v2\/media\/28161"}],"wp:attachment":[{"href":"https:\/\/letempsmag.ma\/index.php?rest_route=%2Fwp%2Fv2%2Fmedia&parent=28160"}],"wp:term":[{"taxonomy":"category","embeddable":true,"href":"https:\/\/letempsmag.ma\/index.php?rest_route=%2Fwp%2Fv2%2Fcategories&post=28160"},{"taxonomy":"post_tag","embeddable":true,"href":"https:\/\/letempsmag.ma\/index.php?rest_route=%2Fwp%2Fv2%2Ftags&post=28160"}],"curies":[{"name":"wp","href":"https:\/\/api.w.org\/{rel}","templated":true}]}}