{"id":28122,"date":"2024-04-15T12:09:54","date_gmt":"2024-04-15T11:09:54","guid":{"rendered":"https:\/\/letempsmag.ma\/?p=28122"},"modified":"2024-04-15T12:09:54","modified_gmt":"2024-04-15T11:09:54","slug":"la-ram-donne-des-ailes-aux-createurs-africains-lors-du-masa-a-abidjan","status":"publish","type":"post","link":"https:\/\/letempsmag.ma\/?p=28122","title":{"rendered":"La RAM donne des ailes aux cr\u00e9ateurs africains lors du MASA, \u00e0 Abidjan"},"content":{"rendered":"\n<p>La compagnie nationale Royal Air Maroc est le transporteur officiel de la 13<sup>\u00e8me<\/sup> \u00e9dition du Festival du March\u00e9 des Arts du Spectacle Africain (MASA) d&#8217;Abidjan (C\u00f4te d\u2019Ivoire), qui a d\u00e9marr\u00e9 le 13 avril dernier et qui se poursuivra jusqu\u2019au 20 avril courant. Cette \u00e9dition 2024 a pour th\u00e8me \u00abJeunesse, innovation et entreprenariat&nbsp;: des leviers pour le d\u00e9veloppement des industries des arts du spectacle africain\u00bb.<\/p>\n\n\n\n<p>Biennale culturelle d\u2019envergure internationale, le MASA repr\u00e9sente un cadre de promotion, de rencontres, de diffusion, de d\u00e9veloppement et de professionnalisation des arts du spectacle. La direction g\u00e9n\u00e9rale du MASA indique que le Rwanda est le pays invit\u00e9 d\u2019honneur de cette 13<sup>\u00e8me<\/sup> \u00e9dition tandis que la Cor\u00e9e du Sud a \u00e9t\u00e9 retenue comme pays Invit\u00e9 Sp\u00e9cial.<\/p>\n\n\n\n<p>Dans le cadre de cet \u00e9v\u00e9nement, la RAM a organis\u00e9, vendredi dernier dans la soir\u00e9e \u00e0 Abidjan, un d\u00eener de gala en pr\u00e9sence de nombreuses personnalit\u00e9s, notamment Fran\u00e7oise Remarck, Ministre ivoirienne de la Culture et de la Francophonie, les repr\u00e9sentants de l\u2019ambassade du Maroc en C\u00f4te d\u2019Ivoire et de hauts responsables de Royal Air Maroc, ainsi que plusieurs personnalit\u00e9s ivoiriennes et marocaines de divers horizons.<\/p>\n\n\n\n<p>\u00c0 cette occasion, le repr\u00e9sentant r\u00e9gional de Royal Air Maroc en C\u00f4te d\u2019Ivoire, Mohamed Babou, a mis l\u2019accent sur la collaboration permanente liant la RAM \u00e0 cette grande manifestation culturelle, depuis de nombreuses ann\u00e9es. Il a affirm\u00e9 que la Royal Air Maroc contribue \u00e0 donner des ailes aux cr\u00e9ateurs et promouvoir \u00e0 l\u2019international la richesse culturelle du continent et ses talents qui sont de plus en plus reconnus \u00e0 travers le monde. Il a \u00e9galement rappel\u00e9 que depuis de nombreuses ann\u00e9es, \u00abNous nous investissons aux c\u00f4t\u00e9s des plus grandes manifestations culturelles africaines, dans diff\u00e9rents domaines, en soutenant de grands \u00e9v\u00e9nements continentaux tels que le Festival de Cin\u00e9ma Africain de Ouagadougou, la Biennale de Dakar, la Biennale de Lagos, la Biennale de la Photographie de Bamako ou encore le prestigieux Festival International du Film de Marrakech\u00bb. Dans le cadre de la politique du Maroc en Afrique, initi\u00e9e sous l\u2019impulsion de S.M. le Roi Mohammed VI, \u00abNotre ambition commune, que nous soyons op\u00e9rateurs \u00e9conomiques, entrepreneurs ou artistes, est d\u2019\u00eatre v\u00e9ritablement les porteurs de l\u2019identit\u00e9 et du r\u00eave africains\u00bb, a rench\u00e9ri Mohamed Babou.<\/p>\n\n\n\n<p>Pour sa part, Fran\u00e7oise Remarck a mis en avant l\u2019excellence des relations unissant le Maroc et la C\u00f4te d\u2019Ivoire ainsi que les deux peuples fr\u00e8res. Elle a \u00e9galement salu\u00e9 le partenariat entre Royal Air Maroc et le MASA, affirmant que cette collaboration contribue \u00e0 la p\u00e9rennisation et \u00e0 la promotion de ce festival ainsi qu\u2019\u00e0 l\u2019encouragement des jeunes talents africains.<\/p>\n\n\n\n<p><strong>L. F.<\/strong><\/p>\n","protected":false},"excerpt":{"rendered":"<p>La compagnie nationale Royal Air Maroc est le transporteur officiel de la 13\u00e8me \u00e9dition du Festival du March\u00e9 des Arts du Spectacle Africain (MASA) d&#8217;Abidjan (C\u00f4te d\u2019Ivoire), qui a d\u00e9marr\u00e9 le 13 avril dernier et qui se poursuivra jusqu\u2019au 20 avril courant. Cette \u00e9dition 2024 a pour th\u00e8me \u00abJeunesse, innovation et entreprenariat&nbsp;: des leviers pour &hellip;<\/p>\n","protected":false},"author":9,"featured_media":28123,"comment_status":"open","ping_status":"closed","sticky":false,"template":"","format":"standard","meta":{"footnotes":""},"categories":[51],"tags":[],"class_list":["post-28122","post","type-post","status-publish","format-standard","has-post-thumbnail","hentry","category-culture"],"_links":{"self":[{"href":"https:\/\/letempsmag.ma\/index.php?rest_route=\/wp\/v2\/posts\/28122","targetHints":{"allow":["GET"]}}],"collection":[{"href":"https:\/\/letempsmag.ma\/index.php?rest_route=\/wp\/v2\/posts"}],"about":[{"href":"https:\/\/letempsmag.ma\/index.php?rest_route=\/wp\/v2\/types\/post"}],"author":[{"embeddable":true,"href":"https:\/\/letempsmag.ma\/index.php?rest_route=\/wp\/v2\/users\/9"}],"replies":[{"embeddable":true,"href":"https:\/\/letempsmag.ma\/index.php?rest_route=%2Fwp%2Fv2%2Fcomments&post=28122"}],"version-history":[{"count":1,"href":"https:\/\/letempsmag.ma\/index.php?rest_route=\/wp\/v2\/posts\/28122\/revisions"}],"predecessor-version":[{"id":28124,"href":"https:\/\/letempsmag.ma\/index.php?rest_route=\/wp\/v2\/posts\/28122\/revisions\/28124"}],"wp:featuredmedia":[{"embeddable":true,"href":"https:\/\/letempsmag.ma\/index.php?rest_route=\/wp\/v2\/media\/28123"}],"wp:attachment":[{"href":"https:\/\/letempsmag.ma\/index.php?rest_route=%2Fwp%2Fv2%2Fmedia&parent=28122"}],"wp:term":[{"taxonomy":"category","embeddable":true,"href":"https:\/\/letempsmag.ma\/index.php?rest_route=%2Fwp%2Fv2%2Fcategories&post=28122"},{"taxonomy":"post_tag","embeddable":true,"href":"https:\/\/letempsmag.ma\/index.php?rest_route=%2Fwp%2Fv2%2Ftags&post=28122"}],"curies":[{"name":"wp","href":"https:\/\/api.w.org\/{rel}","templated":true}]}}