{"id":28070,"date":"2024-04-09T14:08:07","date_gmt":"2024-04-09T13:08:07","guid":{"rendered":"https:\/\/letempsmag.ma\/?p=28070"},"modified":"2024-04-09T14:08:08","modified_gmt":"2024-04-09T13:08:08","slug":"le-forum-international-des-arbres-se-tiendra-a-marrakech-sous-le-signe-de-leau-et-de-la-biodiversite","status":"publish","type":"post","link":"https:\/\/letempsmag.ma\/?p=28070","title":{"rendered":"Le Forum International des Arbres se tiendra \u00e0 Marrakech sous le signe de l&#8217;eau et de la biodiversit\u00e9"},"content":{"rendered":"\n<p>Du 12 au 15 avril courant, Marrakech accueillera la 3<sup>\u00e8me<\/sup> \u00e9dition du Forum International des Arbres, un \u00e9v\u00e9nement majeur qui r\u00e9unira des experts internationaux, des activistes environnementaux, des repr\u00e9sentants d&#8217;organisations non gouvernementales et des autorit\u00e9s locales pour discuter de l&#8217;importance des arbres et des for\u00eats dans la pr\u00e9servation de l&#8217;eau et de la biodiversit\u00e9.<\/p>\n\n\n\n<p>Organis\u00e9 par l&#8217;Association Arbres, Sciences et Tradition, la Fondation Averro\u00e8s et l&#8217;Association Ibn Al Baytar, avec le soutien de l&#8217;Universit\u00e9 Cadi Ayyad de Marrakech, ce forum de quatre jours sera l&#8217;occasion d&#8217;\u00e9changer des connaissances, de partager des exp\u00e9riences et de discuter des solutions innovantes pour relever les d\u00e9fis environnementaux auxquels nous sommes confront\u00e9s.<\/p>\n\n\n\n<p>Le th\u00e8me de cette ann\u00e9e, \u00ab\u00c9lever une for\u00eat, Planter de l&#8217;eau\u00bb, met en avant le r\u00f4le essentiel des arbres dans l&#8217;attraction, la conservation et la r\u00e9gulation des eaux \u00e0 l&#8217;\u00e9chelle mondiale. Les participants auront l&#8217;opportunit\u00e9 d&#8217;explorer les multiples dimensions de cette relation vitale entre les arbres, les for\u00eats, l&#8217;eau et la vie sur Terre. Au programme, conf\u00e9rences, tables rondes, projections de films, expositions et sorties seront organis\u00e9es, offrant aux participants une occasion unique d&#8217;en apprendre davantage sur les derni\u00e8res avanc\u00e9es en mati\u00e8re de conservation des arbres et des for\u00eats, de gestion de l&#8217;eau et de protection de la biodiversit\u00e9.<\/p>\n","protected":false},"excerpt":{"rendered":"<p>Du 12 au 15 avril courant, Marrakech accueillera la 3\u00e8me \u00e9dition du Forum International des Arbres, un \u00e9v\u00e9nement majeur qui r\u00e9unira des experts internationaux, des activistes environnementaux, des repr\u00e9sentants d&#8217;organisations non gouvernementales et des autorit\u00e9s locales pour discuter de l&#8217;importance des arbres et des for\u00eats dans la pr\u00e9servation de l&#8217;eau et de la biodiversit\u00e9. Organis\u00e9 &hellip;<\/p>\n","protected":false},"author":9,"featured_media":28071,"comment_status":"open","ping_status":"closed","sticky":false,"template":"","format":"standard","meta":{"footnotes":""},"categories":[570],"tags":[],"class_list":["post-28070","post","type-post","status-publish","format-standard","has-post-thumbnail","hentry","category-evironnement"],"_links":{"self":[{"href":"https:\/\/letempsmag.ma\/index.php?rest_route=\/wp\/v2\/posts\/28070","targetHints":{"allow":["GET"]}}],"collection":[{"href":"https:\/\/letempsmag.ma\/index.php?rest_route=\/wp\/v2\/posts"}],"about":[{"href":"https:\/\/letempsmag.ma\/index.php?rest_route=\/wp\/v2\/types\/post"}],"author":[{"embeddable":true,"href":"https:\/\/letempsmag.ma\/index.php?rest_route=\/wp\/v2\/users\/9"}],"replies":[{"embeddable":true,"href":"https:\/\/letempsmag.ma\/index.php?rest_route=%2Fwp%2Fv2%2Fcomments&post=28070"}],"version-history":[{"count":1,"href":"https:\/\/letempsmag.ma\/index.php?rest_route=\/wp\/v2\/posts\/28070\/revisions"}],"predecessor-version":[{"id":28072,"href":"https:\/\/letempsmag.ma\/index.php?rest_route=\/wp\/v2\/posts\/28070\/revisions\/28072"}],"wp:featuredmedia":[{"embeddable":true,"href":"https:\/\/letempsmag.ma\/index.php?rest_route=\/wp\/v2\/media\/28071"}],"wp:attachment":[{"href":"https:\/\/letempsmag.ma\/index.php?rest_route=%2Fwp%2Fv2%2Fmedia&parent=28070"}],"wp:term":[{"taxonomy":"category","embeddable":true,"href":"https:\/\/letempsmag.ma\/index.php?rest_route=%2Fwp%2Fv2%2Fcategories&post=28070"},{"taxonomy":"post_tag","embeddable":true,"href":"https:\/\/letempsmag.ma\/index.php?rest_route=%2Fwp%2Fv2%2Ftags&post=28070"}],"curies":[{"name":"wp","href":"https:\/\/api.w.org\/{rel}","templated":true}]}}