{"id":28061,"date":"2024-04-08T18:57:07","date_gmt":"2024-04-08T17:57:07","guid":{"rendered":"https:\/\/letempsmag.ma\/?p=28061"},"modified":"2024-04-08T18:57:08","modified_gmt":"2024-04-08T17:57:08","slug":"lancement-de-nouvelles-zones-industrielles-dans-la-region-de-guelmim-oued-noun","status":"publish","type":"post","link":"https:\/\/letempsmag.ma\/?p=28061","title":{"rendered":"Lancement de nouvelles zones industrielles dans la r\u00e9gion de Guelmim-Oued Noun"},"content":{"rendered":"\n<p>Une convention de partenariat portant sur la r\u00e9alisation de zones d&#8217;activit\u00e9s \u00e9conomiques dans les provinces de la r\u00e9gion de Guelmim-Oued Noun a \u00e9t\u00e9 sign\u00e9e ce lundi \u00e0 Rabat, par Ryad Mezzour, Ministre de l\u2019Industrie et du Commerce, et Mbarka Bouaida Pr\u00e9sidente du Conseil de la R\u00e9gion. Ce programme, qui s\u2019\u00e9tale sur la p\u00e9riode 2024-2027, porte entre autres sur la r\u00e9alisation de trois nouvelles zones d\u2019activit\u00e9s \u00e9conomiques dans les provinces de Guelmim, Sidi Ifni et d\u2019Assa Zag et l\u2019ach\u00e8vement de la zone d\u2019activit\u00e9 \u00e9conomique de El-Ouatia, et des travaux hors sites de la zone d\u2019activit\u00e9s \u00e9conomiques Cactopole d\u2019Asrir, marquant ainsi la volont\u00e9 d\u2019am\u00e9liorer l\u2019attractivit\u00e9 territoriale des r\u00e9gions et renforcer leur comp\u00e9titivit\u00e9 \u00e9conomique.<\/p>\n\n\n\n<p>Ryad Mezzour a d\u00e9clar\u00e9, \u00e0 cette occasion&nbsp;: \u00abLa signature de cette convention constitue un v\u00e9ritable catalyseur pour le d\u00e9veloppement industriel de la r\u00e9gion et le renforcement de son attractivit\u00e9 territoriale\u00bb. Et d\u2019ajouter que l\u2019\u00c9tat affirme son engagement \u00e0 stimuler une \u00e9conomie r\u00e9gionale solide et g\u00e9n\u00e9ratrice d\u2019emploi et de richesses, en mettant \u00e0 la disposition des investisseurs des plateformes d\u2019accueil \u00e0 des conditions de qualit\u00e9 et de prix comp\u00e9titifs\u00bb.<\/p>\n\n\n\n<p>Les trois nouveaux projets de zones d\u2019activit\u00e9s \u00e9conomiques portent respectivement sur une superficie de 100 hectares pour la province de Guelmim, dont un projet d\u2019ach\u00e8vement des travaux hors sites de la Cactopole, 80 hectares pour la commune de Sidi Ifni et 45 hectares pour la commune d\u2019Assa.<\/p>\n\n\n\n<p>En vertu de cette convention, le minist\u00e8re de tutelle s\u2019engage \u00e0 apporter une contribution financi\u00e8re de l\u2019ordre de 200 millions de DH et \u00e0 appuyer la mise en \u0153uvre de ce programme dans toutes les d\u00e9marches n\u00e9cessaires.<\/p>\n\n\n\n<p>Le Conseil R\u00e9gional s\u2019engage, quant \u00e0 lui, \u00e0 apporter une contribution financi\u00e8re de 100 millions de DH et \u00e0 assurer notamment la r\u00e9alisation des \u00e9tudes de positionnement, techniques et financi\u00e8res, la r\u00e9alisation des travaux in-site et hors-site et la r\u00e9alisation des travaux objet de la convention en fonction des \u00e9tudes r\u00e9alis\u00e9es et des contrats conclus.<\/p>\n\n\n\n<p>L\u2019acquisition du foncier n\u00e9cessaire \u00e0 la r\u00e9alisation du projet revient aux Collectivit\u00e9s territoriales qui s\u2019engagent \u00e9galement \u00e0 assurer l\u2019appui n\u00e9cessaire \u00e0 la mise en \u0153uvre du programme.<\/p>\n","protected":false},"excerpt":{"rendered":"<p>Une convention de partenariat portant sur la r\u00e9alisation de zones d&#8217;activit\u00e9s \u00e9conomiques dans les provinces de la r\u00e9gion de Guelmim-Oued Noun a \u00e9t\u00e9 sign\u00e9e ce lundi \u00e0 Rabat, par Ryad Mezzour, Ministre de l\u2019Industrie et du Commerce, et Mbarka Bouaida Pr\u00e9sidente du Conseil de la R\u00e9gion. Ce programme, qui s\u2019\u00e9tale sur la p\u00e9riode 2024-2027, porte &hellip;<\/p>\n","protected":false},"author":9,"featured_media":28062,"comment_status":"open","ping_status":"closed","sticky":false,"template":"","format":"standard","meta":{"footnotes":""},"categories":[146],"tags":[],"class_list":["post-28061","post","type-post","status-publish","format-standard","has-post-thumbnail","hentry","category-investissements"],"_links":{"self":[{"href":"https:\/\/letempsmag.ma\/index.php?rest_route=\/wp\/v2\/posts\/28061","targetHints":{"allow":["GET"]}}],"collection":[{"href":"https:\/\/letempsmag.ma\/index.php?rest_route=\/wp\/v2\/posts"}],"about":[{"href":"https:\/\/letempsmag.ma\/index.php?rest_route=\/wp\/v2\/types\/post"}],"author":[{"embeddable":true,"href":"https:\/\/letempsmag.ma\/index.php?rest_route=\/wp\/v2\/users\/9"}],"replies":[{"embeddable":true,"href":"https:\/\/letempsmag.ma\/index.php?rest_route=%2Fwp%2Fv2%2Fcomments&post=28061"}],"version-history":[{"count":1,"href":"https:\/\/letempsmag.ma\/index.php?rest_route=\/wp\/v2\/posts\/28061\/revisions"}],"predecessor-version":[{"id":28063,"href":"https:\/\/letempsmag.ma\/index.php?rest_route=\/wp\/v2\/posts\/28061\/revisions\/28063"}],"wp:featuredmedia":[{"embeddable":true,"href":"https:\/\/letempsmag.ma\/index.php?rest_route=\/wp\/v2\/media\/28062"}],"wp:attachment":[{"href":"https:\/\/letempsmag.ma\/index.php?rest_route=%2Fwp%2Fv2%2Fmedia&parent=28061"}],"wp:term":[{"taxonomy":"category","embeddable":true,"href":"https:\/\/letempsmag.ma\/index.php?rest_route=%2Fwp%2Fv2%2Fcategories&post=28061"},{"taxonomy":"post_tag","embeddable":true,"href":"https:\/\/letempsmag.ma\/index.php?rest_route=%2Fwp%2Fv2%2Ftags&post=28061"}],"curies":[{"name":"wp","href":"https:\/\/api.w.org\/{rel}","templated":true}]}}