{"id":28022,"date":"2024-04-05T10:54:14","date_gmt":"2024-04-05T09:54:14","guid":{"rendered":"https:\/\/letempsmag.ma\/?p=28022"},"modified":"2024-04-05T10:54:15","modified_gmt":"2024-04-05T09:54:15","slug":"visite-au-maroc-du-ministre-francais-charge-du-commerce-exterieur-de-lattractivite-de-la-francophonie-et-des-francais-de-letranger","status":"publish","type":"post","link":"https:\/\/letempsmag.ma\/?p=28022","title":{"rendered":"Visite au Maroc du Ministre fran\u00e7ais charg\u00e9 du Commerce ext\u00e9rieur, de l&#8217;Attractivit\u00e9, de la Francophonie et des Fran\u00e7ais de l&#8217;\u00e9tranger"},"content":{"rendered":"\n<p>Franck Riester, Ministre fran\u00e7ais d\u00e9l\u00e9gu\u00e9 aupr\u00e8s du Ministre de l\u2019Europe et des Affaires \u00e9trang\u00e8res, charg\u00e9 du Commerce ext\u00e9rieur, de l&#8217;Attractivit\u00e9, de la Francophonie et des Fran\u00e7ais de l&#8217;\u00e9tranger, a effectu\u00e9 une visite officielle au Maroc du 3 au 5 avril courant, visant \u00e0 renforcer les liens \u00e9conomiques et commerciaux entre la France et le Maroc. Le haut responsable s\u2019est rendu \u00e0 la Chambre Fran\u00e7aise de Commerce et d&#8217;Industrie du Maroc (CFCIM) en pr\u00e9sence de Christophe Lecourtier, Ambassadeur de France au Maroc, Claudia Gaudiau-Francisco, Pr\u00e9sidente de la CFCIM, Laurent Saint-Martin, Directeur G\u00e9n\u00e9ral de Business France, Marie-Albane Prieur, Directrice D\u00e9veloppement Export BpiFrance et Arnaud Vaissi\u00e9, Pr\u00e9sident des Chambres de Commerce et d&#8217;Industrie Fran\u00e7aises \u00e0 l&#8217;International (CCIFI) ainsi que de nombreux repr\u00e9sentants des institutions marocaines partenaires.&nbsp;<\/p>\n\n\n\n<p>Au cours de sa visite \u00e0 la CFCIM, Franck Riester a notamment rencontr\u00e9 l&#8217;\u00e9quipe Team France Export (TFE) de la Chambre qui lui a pr\u00e9sent\u00e9 les initiatives et les projets en cours de la TFE au Maroc. L\u2019\u00e9quipe a expos\u00e9 les demandes \u00e9manant des entreprises fran\u00e7aises souhaitant \u00e9tablir des partenariats \u00e9conomiques avec des op\u00e9rateurs marocains, en mettant en lumi\u00e8re cinq fili\u00e8res-cl\u00e9s&nbsp;: industrie et infrastructures, AgroTech, Tech &amp; Services, Art de vivre &amp; sant\u00e9 et Cleantech.<\/p>\n\n\n\n<p>\u00abMa visite au Maroc s\u2019inscrit dans la dynamique de la relance des relations franco-marocaines, notamment dans le domaine \u00e9conomique. Ces rencontres aujourd\u2019hui \u00e0 la CFCIM constituent un momentum unique pour poser les bases d\u2019un nouveau partenariat \u00e9conomique de long terme. Cette relance doit s\u2019appuyer sur une vision commune des d\u00e9fis de demain que la France et le Maroc partagent. Je sais que nos deux pays peuvent s\u2019appuyer sur des acteurs marocains et fran\u00e7ais engag\u00e9s et dynamiques, en premier lieu desquels la CFCIM, Business France, Bpifrance, la CCEF, le groupe AFD et toutes les PME fran\u00e7aises et marocaines engag\u00e9es pour b\u00e2tir ce nouvel agenda \u00e9conomique\u00bb, a d\u00e9clar\u00e9 Franck Riester.<\/p>\n\n\n\n<p>\u00abNous nous r\u00e9jouissons de l\u2019intensit\u00e9 des relations \u00e9conomiques entre le Maroc et la France. Ce dynamisme \u00e9conomique se manifeste notamment par l\u2019engagement quotidien d\u2019un ensemble d\u2019acteurs \u00e9conomiques. Au sein de la Chambre Fran\u00e7aise de Commerce et d\u2019Industrie du Maroc, cette dynamique constitue notre ADN et guide notre action au quotidien, dans le sens Maroc-France et France-Maroc. Nous nous engageons \u00e0 poursuivre notre action et \u00e0 renforcer davantage cette relation \u00e9conomique d\u2019exception\u00bb&nbsp;; a confi\u00e9, pour sa part, Claudia Gaudiau-Francisco.<\/p>\n\n\n\n<p>Forte de ses 3.000 adh\u00e9rents et plus de 20.000 membres, la CFCIM se donne pour mission d\u2019accompagner et de conseiller les soci\u00e9t\u00e9s fran\u00e7aises et marocaines dans leur projet de d\u00e9veloppement. Elle a mis en place un ensemble de prestations visant \u00e0 apporter aux investisseurs et \u00e0 ses membres les meilleures solutions&nbsp;: conseil, \u00e9tudes de march\u00e9, publications, mise en relation et rencontres professionnelles, missions de prospection BtoB au Maroc et \u00e0 l\u2019international, organisation de salons et d\u2019\u00e9v\u00e8nements sur mesure\u2026 La CFCIM propose \u00e9galement des solutions adapt\u00e9es en mati\u00e8re de formation gr\u00e2ce \u00e0 son Campus et met \u00e0 disposition des entreprises des formules locatives innovantes au travers de ses quatre parcs industriels&nbsp;: Bouskoura, Ouled Salah, Settat et l\u2019Ecoparc de Berrechid.<\/p>\n","protected":false},"excerpt":{"rendered":"<p>Franck Riester, Ministre fran\u00e7ais d\u00e9l\u00e9gu\u00e9 aupr\u00e8s du Ministre de l\u2019Europe et des Affaires \u00e9trang\u00e8res, charg\u00e9 du Commerce ext\u00e9rieur, de l&#8217;Attractivit\u00e9, de la Francophonie et des Fran\u00e7ais de l&#8217;\u00e9tranger, a effectu\u00e9 une visite officielle au Maroc du 3 au 5 avril courant, visant \u00e0 renforcer les liens \u00e9conomiques et commerciaux entre la France et le Maroc. &hellip;<\/p>\n","protected":false},"author":9,"featured_media":28023,"comment_status":"open","ping_status":"closed","sticky":false,"template":"","format":"standard","meta":{"footnotes":""},"categories":[203],"tags":[],"class_list":["post-28022","post","type-post","status-publish","format-standard","has-post-thumbnail","hentry","category-cooperation"],"_links":{"self":[{"href":"https:\/\/letempsmag.ma\/index.php?rest_route=\/wp\/v2\/posts\/28022","targetHints":{"allow":["GET"]}}],"collection":[{"href":"https:\/\/letempsmag.ma\/index.php?rest_route=\/wp\/v2\/posts"}],"about":[{"href":"https:\/\/letempsmag.ma\/index.php?rest_route=\/wp\/v2\/types\/post"}],"author":[{"embeddable":true,"href":"https:\/\/letempsmag.ma\/index.php?rest_route=\/wp\/v2\/users\/9"}],"replies":[{"embeddable":true,"href":"https:\/\/letempsmag.ma\/index.php?rest_route=%2Fwp%2Fv2%2Fcomments&post=28022"}],"version-history":[{"count":1,"href":"https:\/\/letempsmag.ma\/index.php?rest_route=\/wp\/v2\/posts\/28022\/revisions"}],"predecessor-version":[{"id":28024,"href":"https:\/\/letempsmag.ma\/index.php?rest_route=\/wp\/v2\/posts\/28022\/revisions\/28024"}],"wp:featuredmedia":[{"embeddable":true,"href":"https:\/\/letempsmag.ma\/index.php?rest_route=\/wp\/v2\/media\/28023"}],"wp:attachment":[{"href":"https:\/\/letempsmag.ma\/index.php?rest_route=%2Fwp%2Fv2%2Fmedia&parent=28022"}],"wp:term":[{"taxonomy":"category","embeddable":true,"href":"https:\/\/letempsmag.ma\/index.php?rest_route=%2Fwp%2Fv2%2Fcategories&post=28022"},{"taxonomy":"post_tag","embeddable":true,"href":"https:\/\/letempsmag.ma\/index.php?rest_route=%2Fwp%2Fv2%2Ftags&post=28022"}],"curies":[{"name":"wp","href":"https:\/\/api.w.org\/{rel}","templated":true}]}}