{"id":27978,"date":"2024-04-03T12:14:31","date_gmt":"2024-04-03T11:14:31","guid":{"rendered":"https:\/\/letempsmag.ma\/?p=27978"},"modified":"2024-04-03T12:14:32","modified_gmt":"2024-04-03T11:14:32","slug":"le-patronat-et-le-cese-sengagent-dans-le-developpement-socio-economique","status":"publish","type":"post","link":"https:\/\/letempsmag.ma\/?p=27978","title":{"rendered":"Le Patronat et le CESE s\u2019engagent dans le d\u00e9veloppement socio-\u00e9conomique"},"content":{"rendered":"\n<p>Le Conseil \u00c9conomique, Social et Environnemental (CESE) et la Conf\u00e9d\u00e9ration G\u00e9n\u00e9rale des Entreprises du Maroc (CGEM) ont sign\u00e9, lundi dernier \u00e0 Casablanca, une convention de partenariat pour l\u2019\u00e9change d\u2019expertise et la promotion de la r\u00e9flexion commune et du dialogue sur des sujets li\u00e9s au d\u00e9veloppement socio-\u00e9conomique du pays. Ce partenariat vise, notamment, \u00e0 prendre en consid\u00e9ration l&#8217;avis des acteurs du secteur priv\u00e9 pour \u00e9laborer et pr\u00e9senter des cl\u00e9s de lecture et \u00e9mettre des recommandations op\u00e9rationnelles pour acc\u00e9l\u00e9rer davantage la dynamique d\u2019investissement et saisir les opportunit\u00e9s qui se pr\u00e9sentent au Maroc, \u00e0 l&#8217;horizon 2030. La convention a \u00e9t\u00e9 paraph\u00e9e par le pr\u00e9sident du CESE, Ahmed Reda Chami, et le pr\u00e9sident de la CGEM, Chakib Alj.<\/p>\n\n\n\n<p>Ahmed Reda Chami a soulign\u00e9, \u00e0 cette occasion, la n\u00e9cessit\u00e9 d&#8217;impliquer les entreprises marocaines, repr\u00e9sent\u00e9es par la CGEM, dans la cr\u00e9ation des rapports du Conseil, notant que ces entreprises poss\u00e8dent une intelligence essentielle \u00e0 int\u00e9grer dans lesdits rapports et peuvent proposer elles-m\u00eames des sujets de rapports au Conseil, permettant ainsi une meilleure repr\u00e9sentation des enjeux \u00e9conomiques. Le Pr\u00e9sident du CESE a, en outre, relev\u00e9 l&#8217;importance de travailler sur des sujets d&#8217;int\u00e9r\u00eat commun avec la CGEM dans le cadre d&#8217;un \u00e9change de bonnes pratiques, en vue de promouvoir l&#8217;inclusion du secteur priv\u00e9 dans un ensemble de d\u00e9bats pertinents relatifs aux perspectives \u00e9conomiques, sociales, et environnementales.<\/p>\n\n\n\n<p>Pour sa part, Chakib Alj a mis en avant les diverses th\u00e9matiques importantes sur lesquelles les deux institutions pourraient \u00e9changer et collaborer, telles que la durabilit\u00e9, l\u2019int\u00e9gration de l\u2019informel, la l\u00e9gislation du travail, le d\u00e9veloppement du capital humain, la digitalisation, le d\u00e9veloppement des territoires, ou encore la promotion de la participation \u00e9conomique des femmes.&nbsp;<\/p>\n\n\n\n<p>Le CESE et la CGEM pr\u00e9voient, en vertu de cette convention, le partage de leurs publications respectives, l\u2019organisation r\u00e9guli\u00e8re de rencontres th\u00e9matiques, d\u2019espaces de dialogue ainsi que la r\u00e9alisation de travaux de r\u00e9flexion communs.<\/p>\n\n\n\n<p>La rencontre a \u00e9t\u00e9 marqu\u00e9e par un atelier citoyen consacr\u00e9 \u00e0 la th\u00e9matique \u00abPour une \u00e9conomie circulaire des \u00e9quipements \u00e9lectriques et \u00e9lectroniques&nbsp;: du d\u00e9chet \u00e0 la ressource\u00bb, qui a connu la participation de plusieurs contributeurs des deux institutions.&nbsp;<\/p>\n\n\n\n<p><strong>L. F.<\/strong><\/p>\n","protected":false},"excerpt":{"rendered":"<p>Le Conseil \u00c9conomique, Social et Environnemental (CESE) et la Conf\u00e9d\u00e9ration G\u00e9n\u00e9rale des Entreprises du Maroc (CGEM) ont sign\u00e9, lundi dernier \u00e0 Casablanca, une convention de partenariat pour l\u2019\u00e9change d\u2019expertise et la promotion de la r\u00e9flexion commune et du dialogue sur des sujets li\u00e9s au d\u00e9veloppement socio-\u00e9conomique du pays. Ce partenariat vise, notamment, \u00e0 prendre en &hellip;<\/p>\n","protected":false},"author":9,"featured_media":27979,"comment_status":"open","ping_status":"closed","sticky":false,"template":"","format":"standard","meta":{"footnotes":""},"categories":[322],"tags":[],"class_list":["post-27978","post","type-post","status-publish","format-standard","has-post-thumbnail","hentry","category-partenariat"],"_links":{"self":[{"href":"https:\/\/letempsmag.ma\/index.php?rest_route=\/wp\/v2\/posts\/27978","targetHints":{"allow":["GET"]}}],"collection":[{"href":"https:\/\/letempsmag.ma\/index.php?rest_route=\/wp\/v2\/posts"}],"about":[{"href":"https:\/\/letempsmag.ma\/index.php?rest_route=\/wp\/v2\/types\/post"}],"author":[{"embeddable":true,"href":"https:\/\/letempsmag.ma\/index.php?rest_route=\/wp\/v2\/users\/9"}],"replies":[{"embeddable":true,"href":"https:\/\/letempsmag.ma\/index.php?rest_route=%2Fwp%2Fv2%2Fcomments&post=27978"}],"version-history":[{"count":1,"href":"https:\/\/letempsmag.ma\/index.php?rest_route=\/wp\/v2\/posts\/27978\/revisions"}],"predecessor-version":[{"id":27980,"href":"https:\/\/letempsmag.ma\/index.php?rest_route=\/wp\/v2\/posts\/27978\/revisions\/27980"}],"wp:featuredmedia":[{"embeddable":true,"href":"https:\/\/letempsmag.ma\/index.php?rest_route=\/wp\/v2\/media\/27979"}],"wp:attachment":[{"href":"https:\/\/letempsmag.ma\/index.php?rest_route=%2Fwp%2Fv2%2Fmedia&parent=27978"}],"wp:term":[{"taxonomy":"category","embeddable":true,"href":"https:\/\/letempsmag.ma\/index.php?rest_route=%2Fwp%2Fv2%2Fcategories&post=27978"},{"taxonomy":"post_tag","embeddable":true,"href":"https:\/\/letempsmag.ma\/index.php?rest_route=%2Fwp%2Fv2%2Ftags&post=27978"}],"curies":[{"name":"wp","href":"https:\/\/api.w.org\/{rel}","templated":true}]}}