{"id":2794,"date":"2021-05-06T08:41:47","date_gmt":"2021-05-06T08:41:47","guid":{"rendered":"https:\/\/letempsmag.ma\/?p=2794"},"modified":"2021-05-06T08:41:47","modified_gmt":"2021-05-06T08:41:47","slug":"le-maroc-et-le-nigeria-consolident-leur-partenariat-strategique","status":"publish","type":"post","link":"https:\/\/letempsmag.ma\/?p=2794","title":{"rendered":"Le Maroc et le Nig\u00e9ria consolident leur partenariat strat\u00e9gique"},"content":{"rendered":"\n<p>Le Maroc et le Nig\u00e9ria ont r\u00e9affirm\u00e9, mardi dernier, leur engagement \u00e0 construire un partenariat strat\u00e9gique dans diff\u00e9rents secteurs au b\u00e9n\u00e9fice des deux pays. Lors d\u2019un entretien par visioconf\u00e9rence, Nasser Bourita, Ministre des Affaires \u00e9trang\u00e8res, de la Coop\u00e9ration africaine et des Marocains R\u00e9sidant \u00e0 l\u2019Etranger, et Geoffrey Onyeama, Ministre des Affaires \u00e9trang\u00e8res du Nig\u00e9ria, ont exprim\u00e9 leur volont\u00e9 de d\u00e9velopper cette coop\u00e9ration et hisser les \u00e9changes bilat\u00e9raux \u00e0 un niveau sup\u00e9rieur. Ils ont soulign\u00e9, dans ce sens, la qualit\u00e9 des relations liant les deux pays, empreintes de fraternit\u00e9 et de solidarit\u00e9 gr\u00e2ce au leadership de S.M. le Roi Mohammed VI et du Pr\u00e9sident Muhammadu Buhari, indique un communiqu\u00e9 du minist\u00e8re des Affaires \u00e9trang\u00e8res, de la Coop\u00e9ration africaine et des Marocains R\u00e9sidant \u00e0 l\u2019Etranger. Les relations bilat\u00e9rales ont connu une impulsion positive dans tous les domaines, particuli\u00e8rement suite \u00e0 la visite Royale au Nig\u00e9ria en d\u00e9cembre 2016 et celle du Pr\u00e9sident Buhari au Maroc en juin 2018.<\/p>\n\n\n\n<p>Nasser Bourita et Geoffrey Onyeama se sont accord\u00e9s sur l\u2019importance de renforcer la dynamique de coop\u00e9ration \u00e9conomique entre les diff\u00e9rents d\u00e9partements concern\u00e9s, rappelant le grand potentiel de maillage qui s\u2019offre aux communaut\u00e9s d\u2019affaires des deux pays. Les deux Ministres se sont \u00e9galement r\u00e9jouis du progr\u00e8s r\u00e9alis\u00e9 dans la mise en place conjointe de la plateforme chimique au Nig\u00e9ria, moyennant un investissement de 1,3 milliard de dollars, qui produira de l\u2019ammoniac et divers engrais, notant que ces projets strat\u00e9giques et mutuellement b\u00e9n\u00e9fiques sont une concr\u00e9tisation \u00e9loquente de la coop\u00e9ration Sud-Sud. Ils ont \u00e9galement convenu de tenir des consultations r\u00e9guli\u00e8res sur les questions d\u2019int\u00e9r\u00eat commun aux niveaux r\u00e9gional et continental et ont r\u00e9affirm\u00e9 leur volont\u00e9 de promouvoir la paix, la stabilit\u00e9 et la prosp\u00e9rit\u00e9 en Afrique de l\u2019Ouest et au Sahel.<\/p>\n\n\n\n<p>Le chef de la diplomatie marocaine a renouvel\u00e9 ses f\u00e9licitations au Nig\u00e9ria pour l\u2019\u00e9lection de l\u2019Ambassadeur Adeoye Bankole au poste de Commissaire aux Affaires Politiques, \u00e0 la Paix et \u00e0 la S\u00e9curit\u00e9 de l\u2019Union Africaine et a \u00e9galement adress\u00e9 ses f\u00e9licitations au ministre nig\u00e9rian suite \u00e0 l\u2019\u00e9lection de Ngozi Okonjo, premi\u00e8re africaine d\u00e9sign\u00e9e \u00e9lue \u00e0 la t\u00eate de l\u2019Organisation Mondiale du Commerce (OMC).<\/p>\n\n\n\n<p><strong>A. A.<\/strong><\/p>\n","protected":false},"excerpt":{"rendered":"<p>Le Maroc et le Nig\u00e9ria ont r\u00e9affirm\u00e9, mardi dernier, leur engagement \u00e0 construire un partenariat strat\u00e9gique dans diff\u00e9rents secteurs au b\u00e9n\u00e9fice des deux pays. Lors d\u2019un entretien par visioconf\u00e9rence, Nasser Bourita, Ministre des Affaires \u00e9trang\u00e8res, de la Coop\u00e9ration africaine et des Marocains R\u00e9sidant \u00e0 l\u2019Etranger, et Geoffrey Onyeama, Ministre des Affaires \u00e9trang\u00e8res du Nig\u00e9ria, ont &hellip;<\/p>\n","protected":false},"author":9,"featured_media":2795,"comment_status":"open","ping_status":"closed","sticky":false,"template":"","format":"standard","meta":{"footnotes":""},"categories":[203],"tags":[],"class_list":["post-2794","post","type-post","status-publish","format-standard","has-post-thumbnail","hentry","category-cooperation"],"_links":{"self":[{"href":"https:\/\/letempsmag.ma\/index.php?rest_route=\/wp\/v2\/posts\/2794","targetHints":{"allow":["GET"]}}],"collection":[{"href":"https:\/\/letempsmag.ma\/index.php?rest_route=\/wp\/v2\/posts"}],"about":[{"href":"https:\/\/letempsmag.ma\/index.php?rest_route=\/wp\/v2\/types\/post"}],"author":[{"embeddable":true,"href":"https:\/\/letempsmag.ma\/index.php?rest_route=\/wp\/v2\/users\/9"}],"replies":[{"embeddable":true,"href":"https:\/\/letempsmag.ma\/index.php?rest_route=%2Fwp%2Fv2%2Fcomments&post=2794"}],"version-history":[{"count":1,"href":"https:\/\/letempsmag.ma\/index.php?rest_route=\/wp\/v2\/posts\/2794\/revisions"}],"predecessor-version":[{"id":2796,"href":"https:\/\/letempsmag.ma\/index.php?rest_route=\/wp\/v2\/posts\/2794\/revisions\/2796"}],"wp:featuredmedia":[{"embeddable":true,"href":"https:\/\/letempsmag.ma\/index.php?rest_route=\/wp\/v2\/media\/2795"}],"wp:attachment":[{"href":"https:\/\/letempsmag.ma\/index.php?rest_route=%2Fwp%2Fv2%2Fmedia&parent=2794"}],"wp:term":[{"taxonomy":"category","embeddable":true,"href":"https:\/\/letempsmag.ma\/index.php?rest_route=%2Fwp%2Fv2%2Fcategories&post=2794"},{"taxonomy":"post_tag","embeddable":true,"href":"https:\/\/letempsmag.ma\/index.php?rest_route=%2Fwp%2Fv2%2Ftags&post=2794"}],"curies":[{"name":"wp","href":"https:\/\/api.w.org\/{rel}","templated":true}]}}