{"id":2788,"date":"2021-05-06T08:39:51","date_gmt":"2021-05-06T08:39:51","guid":{"rendered":"https:\/\/letempsmag.ma\/?p=2788"},"modified":"2021-05-06T08:39:52","modified_gmt":"2021-05-06T08:39:52","slug":"la-cgem-veut-un-meilleur-environnement-de-travail","status":"publish","type":"post","link":"https:\/\/letempsmag.ma\/?p=2788","title":{"rendered":"La CGEM veut un meilleur environnement de travail"},"content":{"rendered":"\n<p>Le Pr\u00e9sident de la Conf\u00e9d\u00e9ration G\u00e9n\u00e9rale des Entreprises du Maroc, Chakib Alj (\u00e0 gauche sur la photo), a appel\u00e9 mercredi dernier \u00e0 l\u2019am\u00e9lioration de l\u2019environnement des affaires, \u00abafin de positionner le Maroc comme un hub d\u2019investissement de r\u00e9f\u00e9rence, r\u00e9gional, continental et international\u00bb. C\u2019est ce que rapporte notre confr\u00e8re L\u2019\u00c9conomiste, expliquant que le patron des patrons a mis l\u2019accent sur la n\u00e9cessit\u00e9 d\u2019am\u00e9liorer les co\u00fbts des facteurs de production, en particulier celui du foncier et de l\u2019\u00e9nergie. C\u2019\u00e9tat en marge d\u2019une r\u00e9union du Comit\u00e9 National de l\u2019Environnement des Affaires. \u00abNous estimons que la mise en place de plateformes de location \u00e0 proximit\u00e9 des p\u00f4les \u00e9conomiques constitue une v\u00e9ritable solution pour rem\u00e9dier au co\u00fbt \u00e9lev\u00e9 du foncier, tout comme l\u2019\u00e9quipement de zones industrielles et logistiques sp\u00e9cialis\u00e9es\u00bb, affirme Chakib Alj.<\/p>\n\n\n\n<p><strong>M. E.<\/strong><\/p>\n","protected":false},"excerpt":{"rendered":"<p>Le Pr\u00e9sident de la Conf\u00e9d\u00e9ration G\u00e9n\u00e9rale des Entreprises du Maroc, Chakib Alj (\u00e0 gauche sur la photo), a appel\u00e9 mercredi dernier \u00e0 l\u2019am\u00e9lioration de l\u2019environnement des affaires, \u00abafin de positionner le Maroc comme un hub d\u2019investissement de r\u00e9f\u00e9rence, r\u00e9gional, continental et international\u00bb. C\u2019est ce que rapporte notre confr\u00e8re L\u2019\u00c9conomiste, expliquant que le patron des patrons &hellip;<\/p>\n","protected":false},"author":9,"featured_media":2789,"comment_status":"open","ping_status":"closed","sticky":false,"template":"","format":"standard","meta":{"footnotes":""},"categories":[201],"tags":[],"class_list":["post-2788","post","type-post","status-publish","format-standard","has-post-thumbnail","hentry","category-affaires"],"_links":{"self":[{"href":"https:\/\/letempsmag.ma\/index.php?rest_route=\/wp\/v2\/posts\/2788","targetHints":{"allow":["GET"]}}],"collection":[{"href":"https:\/\/letempsmag.ma\/index.php?rest_route=\/wp\/v2\/posts"}],"about":[{"href":"https:\/\/letempsmag.ma\/index.php?rest_route=\/wp\/v2\/types\/post"}],"author":[{"embeddable":true,"href":"https:\/\/letempsmag.ma\/index.php?rest_route=\/wp\/v2\/users\/9"}],"replies":[{"embeddable":true,"href":"https:\/\/letempsmag.ma\/index.php?rest_route=%2Fwp%2Fv2%2Fcomments&post=2788"}],"version-history":[{"count":1,"href":"https:\/\/letempsmag.ma\/index.php?rest_route=\/wp\/v2\/posts\/2788\/revisions"}],"predecessor-version":[{"id":2790,"href":"https:\/\/letempsmag.ma\/index.php?rest_route=\/wp\/v2\/posts\/2788\/revisions\/2790"}],"wp:featuredmedia":[{"embeddable":true,"href":"https:\/\/letempsmag.ma\/index.php?rest_route=\/wp\/v2\/media\/2789"}],"wp:attachment":[{"href":"https:\/\/letempsmag.ma\/index.php?rest_route=%2Fwp%2Fv2%2Fmedia&parent=2788"}],"wp:term":[{"taxonomy":"category","embeddable":true,"href":"https:\/\/letempsmag.ma\/index.php?rest_route=%2Fwp%2Fv2%2Fcategories&post=2788"},{"taxonomy":"post_tag","embeddable":true,"href":"https:\/\/letempsmag.ma\/index.php?rest_route=%2Fwp%2Fv2%2Ftags&post=2788"}],"curies":[{"name":"wp","href":"https:\/\/api.w.org\/{rel}","templated":true}]}}