{"id":27794,"date":"2024-03-20T15:20:45","date_gmt":"2024-03-20T14:20:45","guid":{"rendered":"https:\/\/letempsmag.ma\/?p=27794"},"modified":"2024-03-20T15:20:46","modified_gmt":"2024-03-20T14:20:46","slug":"adieu-reda-ta-memoire-restera-toujours-parmi-nous","status":"publish","type":"post","link":"https:\/\/letempsmag.ma\/?p=27794","title":{"rendered":"Adieu R\u00e9da, ta m\u00e9moire restera toujours parmi nous\u00a0!"},"content":{"rendered":"\n<p>R\u00e9da Dalil, journaliste vertueux, \u00eatre humain attachant, vient de s\u2019\u00e9teindre encore jeune, apr\u00e8s un long combat avec la maladie. \u00c0 44 ans, il a rendu l\u2019\u00e2me hier et la nouvelle de sa disparition a boulevers\u00e9 tout le microcosme de la presse au Maroc. Une belle plume et un talent rare qu\u2019on n\u2019oubliera pas de sit\u00f4t.<\/p>\n\n\n\n<p>R\u00e9da Dalil \u00e9tait Directeur de la Publication du magazine TelQuel. Apr\u00e8s des d\u00e9buts dans le secteur priv\u00e9, notamment dans le marketing, il a vite r\u00e9alis\u00e9 o\u00f9 \u00e9tait sa voie. Il s\u2019est tourn\u00e9 vers la presse, fort d\u2019une belle ma\u00eetrise de la langue de Moli\u00e8re mais surtout nanti de cette curiosit\u00e9 inn\u00e9e qui fait les vrais journalistes.<\/p>\n\n\n\n<p>Avant la R\u00e9daction de TelQuel, le d\u00e9funt avait dirig\u00e9 la R\u00e9daction du magazine Le Temps. Journaliste, essayiste et romancier, R\u00e9da Dalil est n\u00e9 le 3 mai 1978 \u00e0 Casablanca. Son premier roman, \u00abLe Job\u00bb, l\u2019a positionn\u00e9 comme l\u2019une des valeurs s\u00fbres de la sc\u00e8ne litt\u00e9raire francophone au Maroc. Le livre a \u00e9t\u00e9 publi\u00e9 en 2014 et a remport\u00e9 le Prix Litt\u00e9raire La Mamounia, ainsi que le Prix Gros Sel du Public en Belgique. Il avait par ailleurs contribu\u00e9 \u00e0 un travail \u00e9ditorial collectif, \u00abAuteurs \u00e0 100%\u00bb en soutien \u00e0 l&#8217;\u00e9ducation des enfants au Maghreb via l&#8217;Association Enfance Maghreb Avenir (EMA).<\/p>\n\n\n\n<p>Ses \u00e9ditoriaux incisifs, pleins de finesse et de profondeur, nous manqueront durablement&#8230; Sa disparition est une grande perte pour le journalisme et la litt\u00e9rature au Maroc. En cette douloureuse circonstance, LE TEMPS pr\u00e9sente \u00e0 sa famille et \u00e0 ses proches ses sinc\u00e8res condol\u00e9ances.<\/p>\n\n\n\n<p>\u00c0 Dieu nous sommes et \u00e0 Lui nous retournons.<\/p>\n\n\n\n<p><strong>LE TEMPS<\/strong><\/p>\n","protected":false},"excerpt":{"rendered":"<p>R\u00e9da Dalil, journaliste vertueux, \u00eatre humain attachant, vient de s\u2019\u00e9teindre encore jeune, apr\u00e8s un long combat avec la maladie. \u00c0 44 ans, il a rendu l\u2019\u00e2me hier et la nouvelle de sa disparition a boulevers\u00e9 tout le microcosme de la presse au Maroc. Une belle plume et un talent rare qu\u2019on n\u2019oubliera pas de sit\u00f4t. &hellip;<\/p>\n","protected":false},"author":9,"featured_media":27795,"comment_status":"open","ping_status":"closed","sticky":false,"template":"","format":"standard","meta":{"footnotes":""},"categories":[75],"tags":[],"class_list":["post-27794","post","type-post","status-publish","format-standard","has-post-thumbnail","hentry","category-necrologie"],"_links":{"self":[{"href":"https:\/\/letempsmag.ma\/index.php?rest_route=\/wp\/v2\/posts\/27794","targetHints":{"allow":["GET"]}}],"collection":[{"href":"https:\/\/letempsmag.ma\/index.php?rest_route=\/wp\/v2\/posts"}],"about":[{"href":"https:\/\/letempsmag.ma\/index.php?rest_route=\/wp\/v2\/types\/post"}],"author":[{"embeddable":true,"href":"https:\/\/letempsmag.ma\/index.php?rest_route=\/wp\/v2\/users\/9"}],"replies":[{"embeddable":true,"href":"https:\/\/letempsmag.ma\/index.php?rest_route=%2Fwp%2Fv2%2Fcomments&post=27794"}],"version-history":[{"count":1,"href":"https:\/\/letempsmag.ma\/index.php?rest_route=\/wp\/v2\/posts\/27794\/revisions"}],"predecessor-version":[{"id":27796,"href":"https:\/\/letempsmag.ma\/index.php?rest_route=\/wp\/v2\/posts\/27794\/revisions\/27796"}],"wp:featuredmedia":[{"embeddable":true,"href":"https:\/\/letempsmag.ma\/index.php?rest_route=\/wp\/v2\/media\/27795"}],"wp:attachment":[{"href":"https:\/\/letempsmag.ma\/index.php?rest_route=%2Fwp%2Fv2%2Fmedia&parent=27794"}],"wp:term":[{"taxonomy":"category","embeddable":true,"href":"https:\/\/letempsmag.ma\/index.php?rest_route=%2Fwp%2Fv2%2Fcategories&post=27794"},{"taxonomy":"post_tag","embeddable":true,"href":"https:\/\/letempsmag.ma\/index.php?rest_route=%2Fwp%2Fv2%2Ftags&post=27794"}],"curies":[{"name":"wp","href":"https:\/\/api.w.org\/{rel}","templated":true}]}}