{"id":27770,"date":"2024-03-19T15:31:55","date_gmt":"2024-03-19T14:31:55","guid":{"rendered":"https:\/\/letempsmag.ma\/?p=27770"},"modified":"2024-03-19T15:31:56","modified_gmt":"2024-03-19T14:31:56","slug":"royal-air-maroc-lance-trois-nouvelles-dessertes-internationales","status":"publish","type":"post","link":"https:\/\/letempsmag.ma\/?p=27770","title":{"rendered":"Royal Air Maroc lance trois nouvelles dessertes internationales"},"content":{"rendered":"\n<p>Dans le cadre du plan de renforcement de son r\u00e9seau et en pr\u00e9paration de la saison estivale, Royal Air Maroc a annonc\u00e9 le lancement de lignes a\u00e9riennes \u00e0 partir de son hub de Casablanca vers Naples, Manchester et Abuja, \u00e0 compter du 22 juin prochain.&nbsp;<\/p>\n\n\n\n<p>Dans un communiqu\u00e9, la RAM indique qu\u2019elle reprendra ses vols directs vers Naples (Italie) \u00e0 partir du 22 juin, \u00e0 raison de deux fr\u00e9quences par semaine (lundi et samedi), pr\u00e9cisant que le vol Casablanca-Naples d\u00e9collera de l\u2019a\u00e9roport international Mohammed V de Casablanca \u00e0 16h15 pour une arriv\u00e9e \u00e0 20h30 (heure locale), tandis que le vol Naples-Casablanca sera programm\u00e9 \u00e0 21h30 pour une arriv\u00e9e \u00e0 Casablanca \u00e0 23h50 (heure locale).<\/p>\n\n\n\n<p>La RAM lancera \u00e9galement une nouvelle route a\u00e9rienne reliant Casablanca \u00e0 Manchester (Angleterre) le 23 juin, \u00e0 raison de trois fr\u00e9quences par semaine (mardi, jeudi et dimanche). Le d\u00e9part de Casablanca s\u2019effectuera \u00e0 13h45 pour une arriv\u00e9e \u00e0 la ville anglaise \u00e0 17h20 (heure locale), tandis que le retour est pr\u00e9vu \u00e0 18h20 pour une arriv\u00e9e \u00e0 Casablanca estim\u00e9e \u00e0 21h45 (heure locale).<\/p>\n\n\n\n<p>Le m\u00eame jour, la compagnie renforcera son r\u00e9seau en Afrique avec une nouvelle desserte vers Abuja, capitale du Nigeria. Cette nouvelle ligne directe sera op\u00e9r\u00e9e \u00e0 raison de trois fr\u00e9quences par semaine (mardi, vendredi et dimanche). Le d\u00e9part de Casablanca sera ainsi effectu\u00e9 \u00e0 1h15 pour une arriv\u00e9e \u00e0 l&#8217;a\u00e9roport international d\u2019Abuja \u00e0 6h10 (heure locale), et le d\u00e9part d\u2019Abuja sera programm\u00e9 \u00e0 partir de 7h10 pour une arriv\u00e9e \u00e0 Casablanca \u00e0 11h55 (heure locale).<\/p>\n\n\n\n<p>Le Pr\u00e9sident Directeur G\u00e9n\u00e9ral de RAM, Hamid Addou, affirme que le lancement de ces trois nouvelles lignes s\u2019inscrit \u00abDans le cadre de notre plan de d\u00e9veloppement visant l\u2019ouverture de routes a\u00e9riennes au niveau de plusieurs march\u00e9s prometteurs\u00bb, notant qu&#8217;il s\u2019agit \u00e9galement de \u00abr\u00e9pondre \u00e0 la forte demande au niveau de certains pays o\u00f9 une forte communaut\u00e9 marocaine est \u00e9tablie\u00bb. Il a aussi pr\u00e9cis\u00e9&nbsp;: \u00abLe lancement de ces lignes vise \u00e9galement \u00e0 renforcer notre positionnement continental en faveur de la Diaspora africaine, notamment au Nigeria. Enfin, l\u2019objectif de l\u2019ouverture de ces lignes est de faire de l\u2019a\u00e9rien un levier de la promotion de la destination touristique du Maroc\u00bb.<\/p>\n\n\n\n<p><strong>L. F.<\/strong><\/p>\n","protected":false},"excerpt":{"rendered":"<p>Dans le cadre du plan de renforcement de son r\u00e9seau et en pr\u00e9paration de la saison estivale, Royal Air Maroc a annonc\u00e9 le lancement de lignes a\u00e9riennes \u00e0 partir de son hub de Casablanca vers Naples, Manchester et Abuja, \u00e0 compter du 22 juin prochain.&nbsp; Dans un communiqu\u00e9, la RAM indique qu\u2019elle reprendra ses vols &hellip;<\/p>\n","protected":false},"author":9,"featured_media":27771,"comment_status":"open","ping_status":"closed","sticky":false,"template":"","format":"standard","meta":{"footnotes":""},"categories":[53],"tags":[],"class_list":["post-27770","post","type-post","status-publish","format-standard","has-post-thumbnail","hentry","category-aerien"],"_links":{"self":[{"href":"https:\/\/letempsmag.ma\/index.php?rest_route=\/wp\/v2\/posts\/27770","targetHints":{"allow":["GET"]}}],"collection":[{"href":"https:\/\/letempsmag.ma\/index.php?rest_route=\/wp\/v2\/posts"}],"about":[{"href":"https:\/\/letempsmag.ma\/index.php?rest_route=\/wp\/v2\/types\/post"}],"author":[{"embeddable":true,"href":"https:\/\/letempsmag.ma\/index.php?rest_route=\/wp\/v2\/users\/9"}],"replies":[{"embeddable":true,"href":"https:\/\/letempsmag.ma\/index.php?rest_route=%2Fwp%2Fv2%2Fcomments&post=27770"}],"version-history":[{"count":1,"href":"https:\/\/letempsmag.ma\/index.php?rest_route=\/wp\/v2\/posts\/27770\/revisions"}],"predecessor-version":[{"id":27772,"href":"https:\/\/letempsmag.ma\/index.php?rest_route=\/wp\/v2\/posts\/27770\/revisions\/27772"}],"wp:featuredmedia":[{"embeddable":true,"href":"https:\/\/letempsmag.ma\/index.php?rest_route=\/wp\/v2\/media\/27771"}],"wp:attachment":[{"href":"https:\/\/letempsmag.ma\/index.php?rest_route=%2Fwp%2Fv2%2Fmedia&parent=27770"}],"wp:term":[{"taxonomy":"category","embeddable":true,"href":"https:\/\/letempsmag.ma\/index.php?rest_route=%2Fwp%2Fv2%2Fcategories&post=27770"},{"taxonomy":"post_tag","embeddable":true,"href":"https:\/\/letempsmag.ma\/index.php?rest_route=%2Fwp%2Fv2%2Ftags&post=27770"}],"curies":[{"name":"wp","href":"https:\/\/api.w.org\/{rel}","templated":true}]}}