{"id":27698,"date":"2024-03-13T12:01:05","date_gmt":"2024-03-13T11:01:05","guid":{"rendered":"https:\/\/letempsmag.ma\/?p=27698"},"modified":"2024-03-13T13:58:31","modified_gmt":"2024-03-13T12:58:31","slug":"un-ftour-du-coeur-et-des-sens-a-m-avenue-marrakech-au-profit-des-enfants-del-haouz","status":"publish","type":"post","link":"https:\/\/letempsmag.ma\/?p=27698","title":{"rendered":"Un \u00abFtour du C\u0153ur et des Sens\u00bb \u00e0 M Avenue Marrakech au profit des enfants d&#8217;El Haouz"},"content":{"rendered":"\n<p>Apr\u00e8s le succ\u00e8s retentissant de la 1<sup>\u00e8re<\/sup> \u00e9dition, M Avenue, en partenariat avec l&#8217;Association des Restaurateurs de la Wilaya Marrakech-Safi et l&#8217;Association SOS Village d&#8217;Enfants, annonce le retour de l&#8217;\u00e9v\u00e9nement embl\u00e9matique \u00abFtour du C\u0153ur et des Sens\u00bb. Pr\u00e9vu pour le vendredi 29 mars prochain, cet \u00e9v\u00e9nement promet une exp\u00e9rience inoubliable de g\u00e9n\u00e9rosit\u00e9 et de convivialit\u00e9, tout en soutenant les enfants victimes du s\u00e9isme d\u2019El Haouz. <\/p>\n\n\n\n<p>Cette \u00e9dition du 2024 est d\u00e9di\u00e9e \u00e0 la collecte de fonds pour la r\u00e9novation des \u00e9coles primaires d\u00e9vast\u00e9es par le s\u00e9isme dans la r\u00e9gion d&#8217;El Haouz. Port\u00e9e par l&#8217;engagement de SOS Village d&#8217;Enfants, l\u2019initiative caritative mobilise la communaut\u00e9 dans un \u00e9lan de solidarit\u00e9 et de g\u00e9n\u00e9rosit\u00e9.<\/p>\n\n\n\n<p><strong><em>Une cause noble, un engagement solidaire<\/em><\/strong><\/p>\n\n\n\n<p>Alors que les d\u00e9g\u00e2ts du s\u00e9isme continuent de peser lourdement sur la r\u00e9gion d\u2019El Haouz, les actions d\u2019aide et de soutien aux victimes demeurent essentielles et en cours. Cet \u00e9v\u00e9nement caritatif d&#8217;envergure vise \u00e0 r\u00e9colter des fonds pour la r\u00e9novation des \u00e9coles primaires ravag\u00e9es, offrant ainsi un rayon d&#8217;espoir et un nouvel horizon \u00e9ducatif pour les enfants affect\u00e9s.<\/p>\n\n\n\n<p>Au c\u0153ur de cet \u00e9v\u00e9nement, l&#8217;objectif est de rassembler les participants autour de la plus grande table solidaire d&#8217;Afrique pour soutenir concr\u00e8tement la reconstruction \u00e9ducative de la r\u00e9gion. SOS Village d&#8217;Enfants, porteur du projet, assurera la mise en \u0153uvre des actions n\u00e9cessaires gr\u00e2ce aux fonds r\u00e9colt\u00e9s. Depuis le s\u00e9isme, l&#8217;association a men\u00e9 diverses initiatives sur le terrain et poursuit aujourd&#8217;hui son travail avec un plan d&#8217;action d\u00e9fini et un engagement ind\u00e9fectible envers les enfants et les communaut\u00e9s affect\u00e9s, comprenant&nbsp;: la r\u00e9paration des structures endommag\u00e9es, la mise aux normes de s\u00e9curit\u00e9, l&#8217;am\u00e9lioration des installations sanitaires et ou encore l&#8217;\u00e9quipement des classes en mat\u00e9riel p\u00e9dagogique.<\/p>\n\n\n\n<p><strong><em>Un d\u00e9fi de taille pour une cause de taille&nbsp;!<\/em><\/strong><\/p>\n\n\n\n<p>La table, v\u00e9ritable symbole de g\u00e9n\u00e9rosit\u00e9 et de solidarit\u00e9, s&#8217;\u00e9tendra majestueusement sur 500 m\u00e8tres \u00e0 M Avenue (en photo, une vue de la pr\u00e9c\u00e9dente \u00e9dition), offrant ainsi un espace unique o\u00f9 1.500 convives pourront partager un Ftour m\u00e9morable. Le catering de l&#8217;\u00e9v\u00e9nement sera assur\u00e9 par Rahal Ma\u00eetre Traiteur, garantissant une formidable exp\u00e9rience pour tous les participants.<\/p>\n\n\n\n<p>Une programmation artistique soigneusement \u00e9labor\u00e9e animera cette soir\u00e9e caritative. Des artistes marocains de renom se produiront sur trois sc\u00e8nes distinctes, qui s&#8217;\u00e9tendront sur les deux c\u00f4t\u00e9s et au milieu de la table de 500 m\u00e8tres. Restez \u00e0 l&#8217;\u00e9coute pour d\u00e9couvrir les noms des artistes qui vont illuminer cette soir\u00e9e de partage et de g\u00e9n\u00e9rosit\u00e9.<\/p>\n\n\n\n<p><strong><em>La R\u00e9gion de Marrakech-Safi en action&nbsp;<\/em><\/strong><\/p>\n\n\n\n<p>Marrakech, ville l\u00e9gendaire de partage et de solidarit\u00e9, offre le cadre id\u00e9al pour cet \u00e9v\u00e9nement caritatif. Son riche patrimoine culturel et son esprit de coexistence en font un lieu embl\u00e9matique pour rassembler les c\u0153urs et les esprits autour d&#8217;une noble cause.&nbsp;<\/p>\n\n\n\n<p>Les promoteurs de cette action appellent \u00e0 rejoindre l\u2019\u00e9v\u00e9nement pour une soir\u00e9e de solidarit\u00e9, de partage et de g\u00e9n\u00e9rosit\u00e9, le vendredi 29 mars prochain \u00e0 la plus grande table de Ftour d\u2019Afrique, \u00e0 M Avenue, la perle de Marrakech. Pour cr\u00e9er, ensemble, un bel \u00e9lan de solidarit\u00e9 et ainsi faire la diff\u00e9rence dans la vie des enfants d\u2019El Haouz&nbsp;!<\/p>\n","protected":false},"excerpt":{"rendered":"<p>Apr\u00e8s le succ\u00e8s retentissant de la 1\u00e8re \u00e9dition, M Avenue, en partenariat avec l&#8217;Association des Restaurateurs de la Wilaya Marrakech-Safi et l&#8217;Association SOS Village d&#8217;Enfants, annonce le retour de l&#8217;\u00e9v\u00e9nement embl\u00e9matique \u00abFtour du C\u0153ur et des Sens\u00bb. Pr\u00e9vu pour le vendredi 29 mars prochain, cet \u00e9v\u00e9nement promet une exp\u00e9rience inoubliable de g\u00e9n\u00e9rosit\u00e9 et de convivialit\u00e9, &hellip;<\/p>\n","protected":false},"author":9,"featured_media":27699,"comment_status":"open","ping_status":"closed","sticky":false,"template":"","format":"standard","meta":{"footnotes":""},"categories":[137],"tags":[],"class_list":["post-27698","post","type-post","status-publish","format-standard","has-post-thumbnail","hentry","category-solidarite-2"],"_links":{"self":[{"href":"https:\/\/letempsmag.ma\/index.php?rest_route=\/wp\/v2\/posts\/27698","targetHints":{"allow":["GET"]}}],"collection":[{"href":"https:\/\/letempsmag.ma\/index.php?rest_route=\/wp\/v2\/posts"}],"about":[{"href":"https:\/\/letempsmag.ma\/index.php?rest_route=\/wp\/v2\/types\/post"}],"author":[{"embeddable":true,"href":"https:\/\/letempsmag.ma\/index.php?rest_route=\/wp\/v2\/users\/9"}],"replies":[{"embeddable":true,"href":"https:\/\/letempsmag.ma\/index.php?rest_route=%2Fwp%2Fv2%2Fcomments&post=27698"}],"version-history":[{"count":2,"href":"https:\/\/letempsmag.ma\/index.php?rest_route=\/wp\/v2\/posts\/27698\/revisions"}],"predecessor-version":[{"id":27708,"href":"https:\/\/letempsmag.ma\/index.php?rest_route=\/wp\/v2\/posts\/27698\/revisions\/27708"}],"wp:featuredmedia":[{"embeddable":true,"href":"https:\/\/letempsmag.ma\/index.php?rest_route=\/wp\/v2\/media\/27699"}],"wp:attachment":[{"href":"https:\/\/letempsmag.ma\/index.php?rest_route=%2Fwp%2Fv2%2Fmedia&parent=27698"}],"wp:term":[{"taxonomy":"category","embeddable":true,"href":"https:\/\/letempsmag.ma\/index.php?rest_route=%2Fwp%2Fv2%2Fcategories&post=27698"},{"taxonomy":"post_tag","embeddable":true,"href":"https:\/\/letempsmag.ma\/index.php?rest_route=%2Fwp%2Fv2%2Ftags&post=27698"}],"curies":[{"name":"wp","href":"https:\/\/api.w.org\/{rel}","templated":true}]}}