{"id":27695,"date":"2024-03-13T11:59:56","date_gmt":"2024-03-13T10:59:56","guid":{"rendered":"https:\/\/letempsmag.ma\/?p=27695"},"modified":"2024-03-13T11:59:57","modified_gmt":"2024-03-13T10:59:57","slug":"lfichta-la-piece-desopilante-a-ne-pas-rater-ce-ramadan","status":"publish","type":"post","link":"https:\/\/letempsmag.ma\/?p=27695","title":{"rendered":"\u00abL\u2019fichta\u00bb, la pi\u00e8ce d\u00e9sopilante \u00e0 ne pas rater ce Ramadan\u00a0!"},"content":{"rendered":"\n<p>\u00c0 l\u2019occasion de la Journ\u00e9e Mondiale du Th\u00e9\u00e2tre, et en cette p\u00e9riode ramadanienne, l\u2019Agence Tendansia pr\u00e9sentera la pi\u00e8ce de th\u00e9\u00e2tre \u00abL\u2019fichta\u00bb, le 27 mars \u00e0 21h au Studio des Arts \u00e0 Casablanca, puis le 28 mars \u00e0 21h au Th\u00e9\u00e2tre Mohammed V \u00e0 Rabat.<\/p>\n\n\n\n<p>Situ\u00e9e dans un monde imaginaire o\u00f9 l\u2019absurde c\u00f4toie le comique, \u00abL\u2019fichta\u00bb vous transportera dans un pays o\u00f9 un Bacha, connu pour ses excentricit\u00e9s et ses injustices farfelues, organise chaque ann\u00e9e une f\u00eate extravagante. Mais cette ann\u00e9e, les choses prennent une tournure inattendue lorsque deux femmes audacieuses, Hadda et Zerwala, et leur alli\u00e9 improbable, Berwal, le valet du Bacha, d\u00e9cident de mettre fin \u00e0 ses abus de pouvoir.<\/p>\n\n\n\n<p>Avec des rebondissements hilarants, des dialogues percutants et des situations rocambolesques, \u00abL\u2019fichta\u00bb offre une satire brillante de la soci\u00e9t\u00e9 et du pouvoir, tout en capturant l\u2019esprit joyeux et l\u2019humour marocain. La pi\u00e8ce met en vedette des acteurs talentueux de renom, notamment Meryem Zaimi, Sa\u00e2dia Ladib, Kamal Kadimi et Farid Regragui, qui apportent leur expertise et leur passion au spectacle. Dirig\u00e9e par le c\u00e9l\u00e8bre metteur en sc\u00e8ne Amine Nasseur, \u00abL\u2019fichta\u00bb r\u00e9interpr\u00e8te le patrimoine populaire marocain de mani\u00e8re moderne, offrant ainsi un spectacle divertissant et engageant, tout en restant fid\u00e8le \u00e0 ses racines culturelles.<\/p>\n\n\n\n<p>La r\u00e9servation des billets est ouverte au Studio des Arts Vivants, au Th\u00e9\u00e2tre Mohammed V et sur la plateforme \u00abwww.guichet.com\u00bb.<\/p>\n\n\n\n<p>Tarif billetterie&nbsp;:<\/p>\n\n\n\n<p>&#8211; 27 mars, Studio des Arts Vivants Casablanca&nbsp;: 150 DH Balcon, 250 DH Orchestre et 300 DH VIP.<\/p>\n\n\n\n<p>&#8211; 28 Mars, Th\u00e9\u00e2tre Mohammed V Rabat&nbsp;: 150 DH Normal et 250 DH VIP.<\/p>\n","protected":false},"excerpt":{"rendered":"<p>\u00c0 l\u2019occasion de la Journ\u00e9e Mondiale du Th\u00e9\u00e2tre, et en cette p\u00e9riode ramadanienne, l\u2019Agence Tendansia pr\u00e9sentera la pi\u00e8ce de th\u00e9\u00e2tre \u00abL\u2019fichta\u00bb, le 27 mars \u00e0 21h au Studio des Arts \u00e0 Casablanca, puis le 28 mars \u00e0 21h au Th\u00e9\u00e2tre Mohammed V \u00e0 Rabat. Situ\u00e9e dans un monde imaginaire o\u00f9 l\u2019absurde c\u00f4toie le comique, \u00abL\u2019fichta\u00bb &hellip;<\/p>\n","protected":false},"author":9,"featured_media":27696,"comment_status":"open","ping_status":"closed","sticky":false,"template":"","format":"standard","meta":{"footnotes":""},"categories":[109],"tags":[],"class_list":["post-27695","post","type-post","status-publish","format-standard","has-post-thumbnail","hentry","category-divertissement"],"_links":{"self":[{"href":"https:\/\/letempsmag.ma\/index.php?rest_route=\/wp\/v2\/posts\/27695","targetHints":{"allow":["GET"]}}],"collection":[{"href":"https:\/\/letempsmag.ma\/index.php?rest_route=\/wp\/v2\/posts"}],"about":[{"href":"https:\/\/letempsmag.ma\/index.php?rest_route=\/wp\/v2\/types\/post"}],"author":[{"embeddable":true,"href":"https:\/\/letempsmag.ma\/index.php?rest_route=\/wp\/v2\/users\/9"}],"replies":[{"embeddable":true,"href":"https:\/\/letempsmag.ma\/index.php?rest_route=%2Fwp%2Fv2%2Fcomments&post=27695"}],"version-history":[{"count":1,"href":"https:\/\/letempsmag.ma\/index.php?rest_route=\/wp\/v2\/posts\/27695\/revisions"}],"predecessor-version":[{"id":27697,"href":"https:\/\/letempsmag.ma\/index.php?rest_route=\/wp\/v2\/posts\/27695\/revisions\/27697"}],"wp:featuredmedia":[{"embeddable":true,"href":"https:\/\/letempsmag.ma\/index.php?rest_route=\/wp\/v2\/media\/27696"}],"wp:attachment":[{"href":"https:\/\/letempsmag.ma\/index.php?rest_route=%2Fwp%2Fv2%2Fmedia&parent=27695"}],"wp:term":[{"taxonomy":"category","embeddable":true,"href":"https:\/\/letempsmag.ma\/index.php?rest_route=%2Fwp%2Fv2%2Fcategories&post=27695"},{"taxonomy":"post_tag","embeddable":true,"href":"https:\/\/letempsmag.ma\/index.php?rest_route=%2Fwp%2Fv2%2Ftags&post=27695"}],"curies":[{"name":"wp","href":"https:\/\/api.w.org\/{rel}","templated":true}]}}