{"id":27692,"date":"2024-03-13T11:59:00","date_gmt":"2024-03-13T10:59:00","guid":{"rendered":"https:\/\/letempsmag.ma\/?p=27692"},"modified":"2024-03-13T11:59:01","modified_gmt":"2024-03-13T10:59:01","slug":"faical-marzouq-revient-au-bercail-pour-une-marque-100-marocaine","status":"publish","type":"post","link":"https:\/\/letempsmag.ma\/?p=27692","title":{"rendered":"Faical Marzouq revient au bercail pour une marque 100% marocaine"},"content":{"rendered":"\n<p>Synonyme de haute qualit\u00e9, les cr\u00e9ations \u00abAncestral Ground by Faical Marzouq\u00bb (styliste franco-marocain) se reconnaissent par un style unique et un design rapidement identifiable, \u00abLe jean Sans Coutures\u00bb. La vision de l\u2019\u00e9l\u00e9gance \u00abAncestral Ground\u00bb allie modernit\u00e9, intemporalit\u00e9 et c\u2019est de cette vision qu\u2019est n\u00e9e \u00abLuv Sav Denim\u00bb. Cr\u00e9\u00e9e par Faical Marzouq (\u00e0 gauche sur la photo) et son associ\u00e9 Michael Nogues, \u00abLuv Sav Dnim\u00bb est une marque de jeans E-commerce, de la haute couture accessible \u00e0 tous les Marocains.<\/p>\n\n\n\n<p>Tout commence \u00e0 l\u2019\u00e2ge de 10 ans, le Toulousain d\u2019origine marocaine est passionn\u00e9 par la mode et l\u2019art. Le jeune styliste autodidacte unit ses id\u00e9es, sa folie \u00e0 la suite d\u2019un r\u00eave, pour cr\u00e9er sa premi\u00e8re marque de jeans haute couture en 2015, \u00abAncestral Ground\u00bb, autour d\u2019une griffe unique&nbsp;: \u00abLe Jean Sans Coutures\u00bb. Le jeans qui vous porte&nbsp;!<\/p>\n\n\n\n<p>Le Jean sans couture a \u00e9t\u00e9 port\u00e9 par un grand nombre de c\u00e9l\u00e9brit\u00e9s, comme par exemple Laeticia Hallyday, No\u00e9mie Lenoir, Cristina Cordula, Tonya Kinsinger, Caroline Barclay et bien d\u2019autres c\u00e9l\u00e9brit\u00e9s internationales.<\/p>\n\n\n\n<p>\u00abAncestral Ground\u00bb \u00e9tait destin\u00e9e initialement \u00e0 un public 100% f\u00e9minin. La premi\u00e8re collection fait d\u2019embl\u00e9e sensation, apportant \u00e0 Faical les compliments des grands noms de la haute-couture tels que Jean-Claude Jitrois, Jean-Paul Gaultier ou encore Jean-Charles de Castelbajac. Son fait d\u2019armes&nbsp;? Un brevet, une r\u00e9volution dans le Jean, une nouvelle coupe unique sans coutures lat\u00e9rales ni int\u00e9rieures, un mod\u00e8le d\u00e9pos\u00e9, unique comme une seconde peau. Un jean qui magnifie la silhouette et qui fait corps avec celui qui le porte.&nbsp;<\/p>\n\n\n\n<p>Pour ce styliste nostalgique, \u00abAncestral Ground\u00bb est (comme son nom l\u2019indique) un retour aux sources, vu que le d\u00e9clic s\u2019est d\u00e9clench\u00e9 en fouinant dans les souvenirs de son enfance, pour parcourir \u00e0 nouveau les souks de l\u2019ancienne m\u00e9dina, les plages envo\u00fbtantes des alentours de Casablanca ou encore la couleur ocre du d\u00e9sert du Sahara marocain, dont le sable enveloppe la silhouette d\u2019un b\u00e9douin, comme ce Jean vient envelopper celui ou celle qui le porte.<\/p>\n\n\n\n<p>De l\u2019art \u00e0 porter aux tissus \u00e9co-responsables dans un packaging \u00e9quitable qui sera propos\u00e9 sur le site E-commerce \u00abwww.lusavdnim.com\u00bb. \u00c0 souligner que la production sera faite exclusivement au Maroc.<\/p>\n","protected":false},"excerpt":{"rendered":"<p>Synonyme de haute qualit\u00e9, les cr\u00e9ations \u00abAncestral Ground by Faical Marzouq\u00bb (styliste franco-marocain) se reconnaissent par un style unique et un design rapidement identifiable, \u00abLe jean Sans Coutures\u00bb. La vision de l\u2019\u00e9l\u00e9gance \u00abAncestral Ground\u00bb allie modernit\u00e9, intemporalit\u00e9 et c\u2019est de cette vision qu\u2019est n\u00e9e \u00abLuv Sav Denim\u00bb. Cr\u00e9\u00e9e par Faical Marzouq (\u00e0 gauche sur la &hellip;<\/p>\n","protected":false},"author":9,"featured_media":27693,"comment_status":"open","ping_status":"closed","sticky":false,"template":"","format":"standard","meta":{"footnotes":""},"categories":[1190],"tags":[],"class_list":["post-27692","post","type-post","status-publish","format-standard","has-post-thumbnail","hentry","category-haute-couture"],"_links":{"self":[{"href":"https:\/\/letempsmag.ma\/index.php?rest_route=\/wp\/v2\/posts\/27692","targetHints":{"allow":["GET"]}}],"collection":[{"href":"https:\/\/letempsmag.ma\/index.php?rest_route=\/wp\/v2\/posts"}],"about":[{"href":"https:\/\/letempsmag.ma\/index.php?rest_route=\/wp\/v2\/types\/post"}],"author":[{"embeddable":true,"href":"https:\/\/letempsmag.ma\/index.php?rest_route=\/wp\/v2\/users\/9"}],"replies":[{"embeddable":true,"href":"https:\/\/letempsmag.ma\/index.php?rest_route=%2Fwp%2Fv2%2Fcomments&post=27692"}],"version-history":[{"count":1,"href":"https:\/\/letempsmag.ma\/index.php?rest_route=\/wp\/v2\/posts\/27692\/revisions"}],"predecessor-version":[{"id":27694,"href":"https:\/\/letempsmag.ma\/index.php?rest_route=\/wp\/v2\/posts\/27692\/revisions\/27694"}],"wp:featuredmedia":[{"embeddable":true,"href":"https:\/\/letempsmag.ma\/index.php?rest_route=\/wp\/v2\/media\/27693"}],"wp:attachment":[{"href":"https:\/\/letempsmag.ma\/index.php?rest_route=%2Fwp%2Fv2%2Fmedia&parent=27692"}],"wp:term":[{"taxonomy":"category","embeddable":true,"href":"https:\/\/letempsmag.ma\/index.php?rest_route=%2Fwp%2Fv2%2Fcategories&post=27692"},{"taxonomy":"post_tag","embeddable":true,"href":"https:\/\/letempsmag.ma\/index.php?rest_route=%2Fwp%2Fv2%2Ftags&post=27692"}],"curies":[{"name":"wp","href":"https:\/\/api.w.org\/{rel}","templated":true}]}}