{"id":27538,"date":"2024-03-05T14:02:07","date_gmt":"2024-03-05T13:02:07","guid":{"rendered":"https:\/\/letempsmag.ma\/?p=27538"},"modified":"2024-03-05T14:02:08","modified_gmt":"2024-03-05T13:02:08","slug":"mohamed-ahnach-dream-artist-2023-devoile-son-talent-aujourdhui-a-casablanca","status":"publish","type":"post","link":"https:\/\/letempsmag.ma\/?p=27538","title":{"rendered":"Mohamed Ahnach, \u00abDream Artist 2023\u00bb, d\u00e9voile son talent aujourd\u2019hui \u00e0 Casablanca"},"content":{"rendered":"\n<p>L\u2019\u00e9mission \u00abDream Artist\u00bb, diffus\u00e9e il y a quelque temps sur la cha\u00eene de t\u00e9l\u00e9vision 2M, a consacr\u00e9 pour la deuxi\u00e8me ann\u00e9e le jeune artiste contemporain marocain Mohamed Ahnach. Au pr\u00e9alable, dix candidats et candidates issus d&#8217;horizons divers, ont rivalis\u00e9 de cr\u00e9ativit\u00e9 pour ce titre dot\u00e9 d\u2019un prix de 350.000 DH, d\u00e9di\u00e9 \u00e0 la r\u00e9alisation d\u2019une premi\u00e8re exposition. Encadr\u00e9s par des experts de renom, ils ont tous relev\u00e9 dans des temps impartis huit d\u00e9fis r\u00e9pondant \u00e0 des th\u00e9matiques pr\u00e9cises.&nbsp;<\/p>\n\n\n\n<p>De l&#8217;exploration des origines \u00e0 la repr\u00e9sentation artistique du monde v\u00e9g\u00e9tal, en passant par une r\u00e9flexion sur le concept de \u00abNiya\u00bb ou la valorisation du patrimoine marocain, Ieur cr\u00e9ativit\u00e9 s&#8217;est \u00e9galement d\u00e9ploy\u00e9e autour de l\u2019art dans les espaces publiques, des liens sociaux, et de la probl\u00e9matique du stress hydrique. Chaque sujet a \u00e9t\u00e9 abord\u00e9 avec passion et engagement, les candidats b\u00e9n\u00e9ficiant \u00e0 chaque \u00e9tape de conseils de professionnels du monde de l\u2019art&nbsp;: Amine Boushaba (journaliste et commissaire d\u2019exposition), Amina Rezki (artiste peintre), Bouchra Salih (actrice culturelle) et Hassan Sefrioui (galeriste).&nbsp;<\/p>\n\n\n\n<p>Pour la deuxi\u00e8me \u00e9dition, \u00abDream Artist\u00bb, premi\u00e8re \u00e9mission t\u00e9l\u00e9visuelle enti\u00e8rement consacr\u00e9e \u00e0 l\u2019art au Maroc, maintient sa volont\u00e9 de faire d\u2019une passion artistique un v\u00e9ritable m\u00e9tier, le laur\u00e9at trouvant tous les outils techniques et financiers pour initier sa carri\u00e8re professionnelle. La comp\u00e9tition qui s&#8217;est d\u00e9roul\u00e9e sur huit semaines intenses a offert au public une exp\u00e9rience t\u00e9l\u00e9visuelle captivante et int\u00e9ressante, avec des contenus innovants, m\u00ealant \u00e9motions, d\u00e9passement de soi et moments de partage.<\/p>\n\n\n\n<p>Photographe, installateur, performeur et sculpteur, Mohamed Ahnach est le laur\u00e9at \u00abDream Artist 2023\u00bb. Pour son exposition individuelle intitul\u00e9e \u00abHajin\u00bb, il invite le grand public \u00e0 partager son univers artistique, aujourd\u2019hui 5 mars, \u00e0 l&#8217;American Arts Center de Casablanca o\u00f9 ses \u0153uvres, empreintes de sa sensibilit\u00e9 et de son v\u00e9cu, r\u00e9v\u00e8lent en premier lieu un parcours atypique.<\/p>\n\n\n\n<p>N\u00e9 en 2001 \u00e0 Kh\u00e9nifra, Mohamed Ahnach est un artiste pluridisciplinaire qui explore l&#8217;art de l&#8217;assemblage \u00e0 travers des cr\u00e9ations uniques compos\u00e9es essentiellement d\u2019ossements. \u00c9tudiant universitaire, passionn\u00e9 de litt\u00e9ratures, il explore aussi l&#8217;art de l&#8217;installation par des recherches sur les mati\u00e8res et les broderies. Il donne naissance \u00e0 des compositions qui d\u00e9fient toute interpr\u00e9tation fig\u00e9e, marie harmonieusement militantisme et introspection, et repousse sans cesse les fronti\u00e8res de son expression artistique, toujours innovante et \u00e9vocatrice. Entre land-art et certaines pratiques rituelles, Mohamed Ahnach se penche sur les origines de l\u2019art, tant\u00f4t arch\u00e9ologue, tant\u00f4t taxonomiste, il pose en permanence la question du sens de la vie et de ses \u00e9volutions.<\/p>\n","protected":false},"excerpt":{"rendered":"<p>L\u2019\u00e9mission \u00abDream Artist\u00bb, diffus\u00e9e il y a quelque temps sur la cha\u00eene de t\u00e9l\u00e9vision 2M, a consacr\u00e9 pour la deuxi\u00e8me ann\u00e9e le jeune artiste contemporain marocain Mohamed Ahnach. Au pr\u00e9alable, dix candidats et candidates issus d&#8217;horizons divers, ont rivalis\u00e9 de cr\u00e9ativit\u00e9 pour ce titre dot\u00e9 d\u2019un prix de 350.000 DH, d\u00e9di\u00e9 \u00e0 la r\u00e9alisation d\u2019une &hellip;<\/p>\n","protected":false},"author":9,"featured_media":27539,"comment_status":"open","ping_status":"closed","sticky":false,"template":"","format":"standard","meta":{"footnotes":""},"categories":[149],"tags":[],"class_list":["post-27538","post","type-post","status-publish","format-standard","has-post-thumbnail","hentry","category-art"],"_links":{"self":[{"href":"https:\/\/letempsmag.ma\/index.php?rest_route=\/wp\/v2\/posts\/27538","targetHints":{"allow":["GET"]}}],"collection":[{"href":"https:\/\/letempsmag.ma\/index.php?rest_route=\/wp\/v2\/posts"}],"about":[{"href":"https:\/\/letempsmag.ma\/index.php?rest_route=\/wp\/v2\/types\/post"}],"author":[{"embeddable":true,"href":"https:\/\/letempsmag.ma\/index.php?rest_route=\/wp\/v2\/users\/9"}],"replies":[{"embeddable":true,"href":"https:\/\/letempsmag.ma\/index.php?rest_route=%2Fwp%2Fv2%2Fcomments&post=27538"}],"version-history":[{"count":1,"href":"https:\/\/letempsmag.ma\/index.php?rest_route=\/wp\/v2\/posts\/27538\/revisions"}],"predecessor-version":[{"id":27540,"href":"https:\/\/letempsmag.ma\/index.php?rest_route=\/wp\/v2\/posts\/27538\/revisions\/27540"}],"wp:featuredmedia":[{"embeddable":true,"href":"https:\/\/letempsmag.ma\/index.php?rest_route=\/wp\/v2\/media\/27539"}],"wp:attachment":[{"href":"https:\/\/letempsmag.ma\/index.php?rest_route=%2Fwp%2Fv2%2Fmedia&parent=27538"}],"wp:term":[{"taxonomy":"category","embeddable":true,"href":"https:\/\/letempsmag.ma\/index.php?rest_route=%2Fwp%2Fv2%2Fcategories&post=27538"},{"taxonomy":"post_tag","embeddable":true,"href":"https:\/\/letempsmag.ma\/index.php?rest_route=%2Fwp%2Fv2%2Ftags&post=27538"}],"curies":[{"name":"wp","href":"https:\/\/api.w.org\/{rel}","templated":true}]}}