{"id":27535,"date":"2024-03-05T14:01:00","date_gmt":"2024-03-05T13:01:00","guid":{"rendered":"https:\/\/letempsmag.ma\/?p=27535"},"modified":"2024-03-05T14:01:01","modified_gmt":"2024-03-05T13:01:01","slug":"tenue-du-congres-annuel-de-cancerologie-thoracique-a-marrakech","status":"publish","type":"post","link":"https:\/\/letempsmag.ma\/?p=27535","title":{"rendered":"Tenue du congr\u00e8s annuel de canc\u00e9rologie thoracique \u00e0 Marrakech"},"content":{"rendered":"\n<p>Le 12<sup>\u00e8me<\/sup> congr\u00e8s annuel du Groupe d&#8217;\u00c9tude et de Recherche en Canc\u00e9rologie Thoracique s&#8217;est tenu le 24 f\u00e9vrier 2024 \u00e0 Marrakech, r\u00e9unissant un panel d&#8217;experts nationaux et internationaux de renom. Plus de 150 sp\u00e9cialistes, comprenant des canc\u00e9rologues, des pneumologues, des chirurgiens thoraciques, des radiologues, des anatomo-pathologistes et des m\u00e9decins nucl\u00e9aires, venus de diff\u00e9rentes r\u00e9gions du royaume, ont particip\u00e9 \u00e0 cet \u00e9v\u00e9nement incontournable dans le domaine de la canc\u00e9rologie thoracique.<\/p>\n\n\n\n<p>Ce congr\u00e8s a \u00e9t\u00e9 l&#8217;occasion de discuter des actualit\u00e9s diagnostiques et th\u00e9rapeutiques en canc\u00e9rologie thoracique, mettant en lumi\u00e8re les recommandations et pratiques des analyses mol\u00e9culaires des cancers bronchiques pour l&#8217;ann\u00e9e 2024. L&#8217;importance de l\u2019\u00e9cho-endoscopie bronchique dans le diagnostic du cancer bronchique et les nouveaut\u00e9s dans la prise en charge du m\u00e9soth\u00e9liome ont \u00e9galement \u00e9t\u00e9 abord\u00e9es.<\/p>\n\n\n\n<p>En marge des sessions pl\u00e9ni\u00e8res, quatre ateliers pratiques ont \u00e9t\u00e9 organis\u00e9s, couvrant des domaines tels que l&#8217;anatomie pathologique, la radiologie, l&#8217;oncologie radioth\u00e9rapie, et l&#8217;\u00e9cho-endoscopie bronchique avec cytoponction guid\u00e9e par ultrason avec une session pratique sur des patients.<\/p>\n\n\n\n<p>Le Professeur Ali Tahri, \u00e9minent sp\u00e9cialiste en oncologie radioth\u00e9rapie et Pr\u00e9sident du congr\u00e8s, a d\u00e9clar\u00e9&nbsp;: \u00abCe congr\u00e8s marque une \u00e9tape importante dans la lutte contre les cancers thoraciques. Les avanc\u00e9es et les recommandations \u00e9largies discut\u00e9es avec des experts internationaux (Pr Mornex, Pr Merlio, Pr Bonhomme, Pr Guibert et Pr Scherpereel) ouvrent la voie \u00e0 une meilleure prise en charge des patients, avec un accent particulier sur le d\u00e9pistage, le diagnostic pr\u00e9coce et la personnalisation des traitements. Nous sommes d\u00e9termin\u00e9s \u00e0 poursuivre nos efforts pour am\u00e9liorer la survie globale et la survie sans progression de tous les patients affect\u00e9s par ces maladies\u00bb.<\/p>\n\n\n\n<p>Le Dr Azzedine Mohammadi, brillant pneumologue \u00e0 Marrakech, Pr\u00e9sident du Groupe d&#8217;\u00c9tude et de Recherche en Canc\u00e9rologie Thoracique et co-Pr\u00e9sident du congr\u00e8s, a d\u00e9clar\u00e9&nbsp;: \u00ab Le pneumologue est un acteur principal dans la prise en charge du cancer du poumon, depuis le diagnostic jusqu&#8217;\u00e0 l&#8217;accompagnement du patient pendant le traitement. Ce cancer, r\u00e9put\u00e9 mortel quand il est diagnostiqu\u00e9 tardivement, est caus\u00e9 principalement par le tabac. Les pneumologues de Marrakech font un travail extraordinaire dans la lutte anti-tabac aupr\u00e8s des coll\u00e9giens, tranche d&#8217;\u00e2ge la plus susceptible\u00bb.<\/p>\n\n\n\n<p>Un point particulier a \u00e9t\u00e9 mis sur le d\u00e9pistage du cancer bronchique, avec une discussion sur l&#8217;exp\u00e9rience europ\u00e9enne et la proposition d&#8217;un plan national de d\u00e9pistage. Car malheureusement, le cancer bronchique est encore diagnostiqu\u00e9 \u00e0 des stades avanc\u00e9s et m\u00e9tastatiques dans plus de 80% des cas dans notre pays, d&#8217;o\u00f9 l&#8217;urgence d&#8217;une approche de d\u00e9pistage plus proactive.<\/p>\n\n\n\n<p>Le d\u00e9pistage du cancer bronchique s\u2019adresse aux patients \u00e2g\u00e9s de 50 \u00e0 74 ans ayant fum\u00e9 pendant au moins 20 ans de mani\u00e8re continue ou discontinue, toujours fumeurs ou qui ont arr\u00eat\u00e9 depuis moins de 15 ans. Le d\u00e9pistage annuel est r\u00e9alis\u00e9 par une tomodensitom\u00e9trie thoracique \u00e0 faible dose pour am\u00e9liorer la d\u00e9tection pr\u00e9coce et la prise en charge du cancer du poumon.<\/p>\n\n\n\n<p>Le congr\u00e8s a \u00e9t\u00e9 une occasion pr\u00e9cieuse de partager les derni\u00e8res avanc\u00e9es dans le domaine de la canc\u00e9rologie thoracique, renfor\u00e7ant ainsi la collaboration et l&#8217;\u00e9change d&#8217;expertise pour am\u00e9liorer la prise en charge des patients atteints de cancers thoraciques.<\/p>\n","protected":false},"excerpt":{"rendered":"<p>Le 12\u00e8me congr\u00e8s annuel du Groupe d&#8217;\u00c9tude et de Recherche en Canc\u00e9rologie Thoracique s&#8217;est tenu le 24 f\u00e9vrier 2024 \u00e0 Marrakech, r\u00e9unissant un panel d&#8217;experts nationaux et internationaux de renom. Plus de 150 sp\u00e9cialistes, comprenant des canc\u00e9rologues, des pneumologues, des chirurgiens thoraciques, des radiologues, des anatomo-pathologistes et des m\u00e9decins nucl\u00e9aires, venus de diff\u00e9rentes r\u00e9gions du &hellip;<\/p>\n","protected":false},"author":9,"featured_media":27536,"comment_status":"open","ping_status":"closed","sticky":false,"template":"","format":"standard","meta":{"footnotes":""},"categories":[26],"tags":[],"class_list":["post-27535","post","type-post","status-publish","format-standard","has-post-thumbnail","hentry","category-sante"],"_links":{"self":[{"href":"https:\/\/letempsmag.ma\/index.php?rest_route=\/wp\/v2\/posts\/27535","targetHints":{"allow":["GET"]}}],"collection":[{"href":"https:\/\/letempsmag.ma\/index.php?rest_route=\/wp\/v2\/posts"}],"about":[{"href":"https:\/\/letempsmag.ma\/index.php?rest_route=\/wp\/v2\/types\/post"}],"author":[{"embeddable":true,"href":"https:\/\/letempsmag.ma\/index.php?rest_route=\/wp\/v2\/users\/9"}],"replies":[{"embeddable":true,"href":"https:\/\/letempsmag.ma\/index.php?rest_route=%2Fwp%2Fv2%2Fcomments&post=27535"}],"version-history":[{"count":1,"href":"https:\/\/letempsmag.ma\/index.php?rest_route=\/wp\/v2\/posts\/27535\/revisions"}],"predecessor-version":[{"id":27537,"href":"https:\/\/letempsmag.ma\/index.php?rest_route=\/wp\/v2\/posts\/27535\/revisions\/27537"}],"wp:featuredmedia":[{"embeddable":true,"href":"https:\/\/letempsmag.ma\/index.php?rest_route=\/wp\/v2\/media\/27536"}],"wp:attachment":[{"href":"https:\/\/letempsmag.ma\/index.php?rest_route=%2Fwp%2Fv2%2Fmedia&parent=27535"}],"wp:term":[{"taxonomy":"category","embeddable":true,"href":"https:\/\/letempsmag.ma\/index.php?rest_route=%2Fwp%2Fv2%2Fcategories&post=27535"},{"taxonomy":"post_tag","embeddable":true,"href":"https:\/\/letempsmag.ma\/index.php?rest_route=%2Fwp%2Fv2%2Ftags&post=27535"}],"curies":[{"name":"wp","href":"https:\/\/api.w.org\/{rel}","templated":true}]}}