{"id":27523,"date":"2024-03-04T09:58:12","date_gmt":"2024-03-04T08:58:12","guid":{"rendered":"https:\/\/letempsmag.ma\/?p=27523"},"modified":"2024-03-04T09:58:13","modified_gmt":"2024-03-04T08:58:13","slug":"le-reseau-marocain-chaml-organise-un-workshop-sur-la-construction-familiale-integree","status":"publish","type":"post","link":"https:\/\/letempsmag.ma\/?p=27523","title":{"rendered":"Le R\u00e9seau Marocain Chaml organise un workshop sur la construction familiale int\u00e9gr\u00e9e"},"content":{"rendered":"\n<p>En partenariat avec l&#8217;Espace Conseiller de Vie Professionnelle et en coordination avec le Conseil du District Agdal Riyad, le R\u00e9seau Marocain Chaml pour la M\u00e9diation Familiale a organis\u00e9 samedi dernier au Centre Culturel Agdal de Rabat un atelier participatif, sous le signe de \u00abLa m\u00e9diation familiale au Maroc dans le cadre de la construction familiale int\u00e9gr\u00e9e\u00bb. Le th\u00e8me en \u00e9tait&nbsp;: \u00abLa r\u00e9insertion familiale et la m\u00e9diation familiale depuis&nbsp; la vision et la th\u00e9orisation jusqu&#8217;\u00e0 l&#8217;\u00e9tablissement et la construction\u00bb.<\/p>\n\n\n\n<p>Cet atelier incarne la conviction du R\u00e9seau Marocain Chaml pour la M\u00e9diation Familiale quant \u00e0 l&#8217;importance de la famille et les d\u00e9fis actuels auxquels est confront\u00e9 le monde d&#8217;aujourd&#8217;hui et ses profondes transformations \u00e0 tous les niveaux, ainsi que sa conscience de la n\u00e9cessit\u00e9 de rassembler les efforts d&#8217;acteurs int\u00e9ress\u00e9s et d\u2019experts dans le domaine de la famille, qu&#8217;ils soient institutionnels ou individuels. Le R\u00e9seau Chaml a \u00e9t\u00e9 d\u00e9termin\u00e9, \u00e0 travers cette rencontre globale, \u00e0 \u00e9tablir un v\u00e9ritable lancement d&#8217;un projet concret, ayant une approche globale aussi bien que multiple et des partenaires divers, visant \u00e0 produire une m\u00e9diation familiale concluante, selon un mod\u00e8le marocain qui prend en compte les besoins r\u00e9els de la famille et en fait une boussole qui guide les processus de satisfaction de ces besoins de mani\u00e8re optimale.<\/p>\n\n\n\n<p>Les activit\u00e9s de cet atelier pratique participatif ont f\u00e9d\u00e9r\u00e9 les secteurs gouvernementaux concern\u00e9s, les organismes nationaux, les professeurs et \u00e9tudiants universitaires, les associations de la soci\u00e9t\u00e9 civile actives dans le domaine, ainsi qu&#8217;un certain nombre d&#8217;experts et de praticiens int\u00e9ress\u00e9s par les affaires familiales dans leur ensemble et la m\u00e9diation familiale en particulier.<\/p>\n\n\n\n<p>L&#8217;atelier a \u00e9t\u00e9 suivi dans l&#8217;apr\u00e8s-midi du m\u00eame jour par un \u00e9v\u00e9nement festif au cours duquel a \u00e9t\u00e9 honor\u00e9 le premier groupe de m\u00e9diateurs familiaux du R\u00e9seau Chaml, ainsi que les repr\u00e9sentants des \u00e9tudiants du Master en M\u00e9diation Professionnelle et Gestion des Conflits, \u00e0 la Facult\u00e9 des Lettres et des Sciences Humaines de l&#8217;Universit\u00e9 Moulay Ismail de Mekn\u00e8s, ayant b\u00e9n\u00e9fici\u00e9 d&#8217;une formation aux comp\u00e9tences de m\u00e9diateur familial.<\/p>\n\n\n\n<p>\u00c0 souligner que le R\u00e9seau Marocain de M\u00e9diation Familiale est une Association nationale concern\u00e9e par la m\u00e9diation familiale. Elle compte parmi ses membres 30 Associations ind\u00e9pendantes \u0153uvrant dans le domaine de la m\u00e9diation familiale dans diverses r\u00e9gions du Royaume.&nbsp;<\/p>\n","protected":false},"excerpt":{"rendered":"<p>En partenariat avec l&#8217;Espace Conseiller de Vie Professionnelle et en coordination avec le Conseil du District Agdal Riyad, le R\u00e9seau Marocain Chaml pour la M\u00e9diation Familiale a organis\u00e9 samedi dernier au Centre Culturel Agdal de Rabat un atelier participatif, sous le signe de \u00abLa m\u00e9diation familiale au Maroc dans le cadre de la construction familiale &hellip;<\/p>\n","protected":false},"author":9,"featured_media":27524,"comment_status":"open","ping_status":"closed","sticky":false,"template":"","format":"standard","meta":{"footnotes":""},"categories":[204],"tags":[],"class_list":["post-27523","post","type-post","status-publish","format-standard","has-post-thumbnail","hentry","category-debat-2"],"_links":{"self":[{"href":"https:\/\/letempsmag.ma\/index.php?rest_route=\/wp\/v2\/posts\/27523","targetHints":{"allow":["GET"]}}],"collection":[{"href":"https:\/\/letempsmag.ma\/index.php?rest_route=\/wp\/v2\/posts"}],"about":[{"href":"https:\/\/letempsmag.ma\/index.php?rest_route=\/wp\/v2\/types\/post"}],"author":[{"embeddable":true,"href":"https:\/\/letempsmag.ma\/index.php?rest_route=\/wp\/v2\/users\/9"}],"replies":[{"embeddable":true,"href":"https:\/\/letempsmag.ma\/index.php?rest_route=%2Fwp%2Fv2%2Fcomments&post=27523"}],"version-history":[{"count":1,"href":"https:\/\/letempsmag.ma\/index.php?rest_route=\/wp\/v2\/posts\/27523\/revisions"}],"predecessor-version":[{"id":27525,"href":"https:\/\/letempsmag.ma\/index.php?rest_route=\/wp\/v2\/posts\/27523\/revisions\/27525"}],"wp:featuredmedia":[{"embeddable":true,"href":"https:\/\/letempsmag.ma\/index.php?rest_route=\/wp\/v2\/media\/27524"}],"wp:attachment":[{"href":"https:\/\/letempsmag.ma\/index.php?rest_route=%2Fwp%2Fv2%2Fmedia&parent=27523"}],"wp:term":[{"taxonomy":"category","embeddable":true,"href":"https:\/\/letempsmag.ma\/index.php?rest_route=%2Fwp%2Fv2%2Fcategories&post=27523"},{"taxonomy":"post_tag","embeddable":true,"href":"https:\/\/letempsmag.ma\/index.php?rest_route=%2Fwp%2Fv2%2Ftags&post=27523"}],"curies":[{"name":"wp","href":"https:\/\/api.w.org\/{rel}","templated":true}]}}