{"id":27487,"date":"2024-02-27T11:37:36","date_gmt":"2024-02-27T10:37:36","guid":{"rendered":"https:\/\/letempsmag.ma\/?p=27487"},"modified":"2024-02-27T11:37:37","modified_gmt":"2024-02-27T10:37:37","slug":"17eme-anniversaire-de-son-altesse-royale-la-princesse-lalla-khadija","status":"publish","type":"post","link":"https:\/\/letempsmag.ma\/?p=27487","title":{"rendered":"17\u00e8me anniversaire de Son Altesse Royale la Princesse Lalla Khadija"},"content":{"rendered":"\n<p>La Famille Royale et le peuple marocain c\u00e9l\u00e8brent demain, 28 f\u00e9vrier 2024, le 17<sup>\u00e8me<\/sup> anniversaire de Son Altesse Royale la Princesse Lalla Khadija.<\/p>\n\n\n\n<p>En cette heureuse circonstance, le Pr\u00e9sident Directeur G\u00e9n\u00e9ral du magazine LE TEMPS et du Site en ligne \u00abletempsmag.ma\u00bb, M. Abdelhadi Alami, ainsi que son personnel, pr\u00e9sentent leurs chaleureuses f\u00e9licitations et leurs v\u0153ux sinc\u00e8res de bonheur et de longue vie \u00e0 S.M. le Roi Mohammed VI, \u00e0 S.A.R. la Princesse Lalla Khadija \u00e0 l\u2019ensemble de l\u2019Auguste Famille Royale.<\/p>\n","protected":false},"excerpt":{"rendered":"<p>La Famille Royale et le peuple marocain c\u00e9l\u00e8brent demain, 28 f\u00e9vrier 2024, le 17\u00e8me anniversaire de Son Altesse Royale la Princesse Lalla Khadija. En cette heureuse circonstance, le Pr\u00e9sident Directeur G\u00e9n\u00e9ral du magazine LE TEMPS et du Site en ligne \u00abletempsmag.ma\u00bb, M. Abdelhadi Alami, ainsi que son personnel, pr\u00e9sentent leurs chaleureuses f\u00e9licitations et leurs v\u0153ux &hellip;<\/p>\n","protected":false},"author":9,"featured_media":27488,"comment_status":"open","ping_status":"closed","sticky":false,"template":"","format":"standard","meta":{"footnotes":""},"categories":[629],"tags":[],"class_list":["post-27487","post","type-post","status-publish","format-standard","has-post-thumbnail","hentry","category-voeux-2"],"_links":{"self":[{"href":"https:\/\/letempsmag.ma\/index.php?rest_route=\/wp\/v2\/posts\/27487","targetHints":{"allow":["GET"]}}],"collection":[{"href":"https:\/\/letempsmag.ma\/index.php?rest_route=\/wp\/v2\/posts"}],"about":[{"href":"https:\/\/letempsmag.ma\/index.php?rest_route=\/wp\/v2\/types\/post"}],"author":[{"embeddable":true,"href":"https:\/\/letempsmag.ma\/index.php?rest_route=\/wp\/v2\/users\/9"}],"replies":[{"embeddable":true,"href":"https:\/\/letempsmag.ma\/index.php?rest_route=%2Fwp%2Fv2%2Fcomments&post=27487"}],"version-history":[{"count":1,"href":"https:\/\/letempsmag.ma\/index.php?rest_route=\/wp\/v2\/posts\/27487\/revisions"}],"predecessor-version":[{"id":27489,"href":"https:\/\/letempsmag.ma\/index.php?rest_route=\/wp\/v2\/posts\/27487\/revisions\/27489"}],"wp:featuredmedia":[{"embeddable":true,"href":"https:\/\/letempsmag.ma\/index.php?rest_route=\/wp\/v2\/media\/27488"}],"wp:attachment":[{"href":"https:\/\/letempsmag.ma\/index.php?rest_route=%2Fwp%2Fv2%2Fmedia&parent=27487"}],"wp:term":[{"taxonomy":"category","embeddable":true,"href":"https:\/\/letempsmag.ma\/index.php?rest_route=%2Fwp%2Fv2%2Fcategories&post=27487"},{"taxonomy":"post_tag","embeddable":true,"href":"https:\/\/letempsmag.ma\/index.php?rest_route=%2Fwp%2Fv2%2Ftags&post=27487"}],"curies":[{"name":"wp","href":"https:\/\/api.w.org\/{rel}","templated":true}]}}