{"id":27484,"date":"2024-02-27T11:37:05","date_gmt":"2024-02-27T10:37:05","guid":{"rendered":"https:\/\/letempsmag.ma\/?p=27484"},"modified":"2024-02-27T11:37:06","modified_gmt":"2024-02-27T10:37:06","slug":"stephane-sejourne-affirme-que-la-france-soutient-le-plan-marocain-dautonomie-au-sahara","status":"publish","type":"post","link":"https:\/\/letempsmag.ma\/?p=27484","title":{"rendered":"St\u00e9phane S\u00e9journ\u00e9 affirme que la France soutient le plan marocain d\u2019autonomie au Sahara"},"content":{"rendered":"\n<p>Le Ministre fran\u00e7ais de l\u2019Europe et des Affaires \u00e9trang\u00e8res, St\u00e9phane S\u00e9journ\u00e9, a r\u00e9it\u00e9r\u00e9, hier \u00e0 Rabat, le soutien \u00abclair et constant\u00bb de son pays au plan marocain d\u2019autonomie dans les provinces du Sud, soulignant \u00e0 cet \u00e9gard qu\u2019il est temps pour la France d\u2019avancer sur cette question.&nbsp;<\/p>\n\n\n\n<p>La France a \u00e9t\u00e9 le premier pays \u00e0 soutenir le plan d&#8217;autonomie en 2007, a tenu \u00e0 souligner le chef de la diplomatie fran\u00e7aise, qui s\u2019exprimait lors d\u2019une conf\u00e9rence de presse conjointe avec le Ministre des Affaires \u00e9trang\u00e8res, de la Coop\u00e9ration africaine et des Marocains r\u00e9sidant \u00e0 l\u2019\u00e9tranger, Nasser Bourita, \u00e0 l\u2019issue de leurs entretiens, ajoutant que \u00abdans la continuit\u00e9 logique de cet engagement, il est temps d\u2019avancer\u00bb.<\/p>\n\n\n\n<p>Au-del\u00e0 des positions politiques, la France avance par des actions concr\u00e8tes, a dit St\u00e9phane S\u00e9journ\u00e9. \u00abLa France veut aussi avancer en prenant en compte les int\u00e9r\u00eats et les besoins\u00bb en pr\u00e9sence, notamment dans les domaines \u00e9ducatif et culturel, a-t-il not\u00e9, faisant observer qu\u2019il existe deux \u00e9coles fran\u00e7aises \u00e0 Dakhla et La\u00e2youne. Il a pr\u00e9cis\u00e9 que l&#8217;Institut Fran\u00e7ais a r\u00e9cemment d\u00e9ploy\u00e9, en \u00e9troite collaboration avec les partenaires locaux, un centre culturel itin\u00e9rant \u00e0 La\u00e2youne, Boujdour et Dakhla qui rencontre un vif succ\u00e8s.&nbsp;<\/p>\n\n\n\n<p>Le haut responsable fran\u00e7ais a fait remarquer que la France veut \u00e9galement avancer en favorisant le d\u00e9veloppement \u00e9conomique et social dans les provinces du Sud du Royaume notamment. \u00abLa France accompagnera le d\u00e9veloppement de cette r\u00e9gion en appui aux efforts du Maroc dans les diff\u00e9rents domaines\u00bb, a-t-il conclu, en rappelant que le Maroc a beaucoup investi dans des projets de d\u00e9veloppement au b\u00e9n\u00e9fice des populations locales et en mati\u00e8re de formation, d&#8217;\u00e9nergies renouvelables, de tourisme et d&#8217;\u00e9conomie bleue li\u00e9e aux ressources aquatiques.&nbsp;<\/p>\n\n\n\n<p>Par ailleurs, le Ministre fran\u00e7ais de l\u2019Europe et des Affaires \u00e9trang\u00e8res s\u2019est dit \u00abimpressionn\u00e9\u00bb par la dynamique de d\u00e9veloppement que conna\u00eet le Maroc sous la conduite de S.M. le Roi Mohammed VI. \u00abLe Maroc a profond\u00e9ment chang\u00e9. Je suis impressionn\u00e9 par les r\u00e9formes et les projets conduits par Sa Majest\u00e9 le Roi qui place le d\u00e9veloppement humain au c\u0153ur du mod\u00e8le de d\u00e9veloppement port\u00e9 par le Royaume\u00bb, a-t-il d\u00e9clar\u00e9 lors d\u2019une conf\u00e9rence de presse conjointe avec son homologue marocain, Nasser Bourita.<\/p>\n\n\n\n<p>\u00c9voquant les relations bilat\u00e9rales, le chef de la diplomatie fran\u00e7aise a affirm\u00e9 que Paris et Rabat sont d\u00e9termin\u00e9s \u00e0 renouveler et \u00e0 approfondir leurs liens \u00abexceptionnels\u00bb en convenant d\u2019une feuille de route \u00abclaire\u00bb et \u00abambitieuse\u00bb \u00e0 la mesure des nouveaux d\u00e9fis. Enfin, le ministre fran\u00e7ais a salu\u00e9 le r\u00f4le \u00abremarquable\u00bb du Maroc en faveur du d\u00e9veloppement et de la s\u00e9curit\u00e9 en Afrique.<\/p>\n","protected":false},"excerpt":{"rendered":"<p>Le Ministre fran\u00e7ais de l\u2019Europe et des Affaires \u00e9trang\u00e8res, St\u00e9phane S\u00e9journ\u00e9, a r\u00e9it\u00e9r\u00e9, hier \u00e0 Rabat, le soutien \u00abclair et constant\u00bb de son pays au plan marocain d\u2019autonomie dans les provinces du Sud, soulignant \u00e0 cet \u00e9gard qu\u2019il est temps pour la France d\u2019avancer sur cette question.&nbsp; La France a \u00e9t\u00e9 le premier pays \u00e0 &hellip;<\/p>\n","protected":false},"author":9,"featured_media":27485,"comment_status":"open","ping_status":"closed","sticky":false,"template":"","format":"standard","meta":{"footnotes":""},"categories":[118],"tags":[],"class_list":["post-27484","post","type-post","status-publish","format-standard","has-post-thumbnail","hentry","category-diplomatie"],"_links":{"self":[{"href":"https:\/\/letempsmag.ma\/index.php?rest_route=\/wp\/v2\/posts\/27484","targetHints":{"allow":["GET"]}}],"collection":[{"href":"https:\/\/letempsmag.ma\/index.php?rest_route=\/wp\/v2\/posts"}],"about":[{"href":"https:\/\/letempsmag.ma\/index.php?rest_route=\/wp\/v2\/types\/post"}],"author":[{"embeddable":true,"href":"https:\/\/letempsmag.ma\/index.php?rest_route=\/wp\/v2\/users\/9"}],"replies":[{"embeddable":true,"href":"https:\/\/letempsmag.ma\/index.php?rest_route=%2Fwp%2Fv2%2Fcomments&post=27484"}],"version-history":[{"count":1,"href":"https:\/\/letempsmag.ma\/index.php?rest_route=\/wp\/v2\/posts\/27484\/revisions"}],"predecessor-version":[{"id":27486,"href":"https:\/\/letempsmag.ma\/index.php?rest_route=\/wp\/v2\/posts\/27484\/revisions\/27486"}],"wp:featuredmedia":[{"embeddable":true,"href":"https:\/\/letempsmag.ma\/index.php?rest_route=\/wp\/v2\/media\/27485"}],"wp:attachment":[{"href":"https:\/\/letempsmag.ma\/index.php?rest_route=%2Fwp%2Fv2%2Fmedia&parent=27484"}],"wp:term":[{"taxonomy":"category","embeddable":true,"href":"https:\/\/letempsmag.ma\/index.php?rest_route=%2Fwp%2Fv2%2Fcategories&post=27484"},{"taxonomy":"post_tag","embeddable":true,"href":"https:\/\/letempsmag.ma\/index.php?rest_route=%2Fwp%2Fv2%2Ftags&post=27484"}],"curies":[{"name":"wp","href":"https:\/\/api.w.org\/{rel}","templated":true}]}}