{"id":27442,"date":"2024-02-23T11:16:43","date_gmt":"2024-02-23T10:16:43","guid":{"rendered":"https:\/\/letempsmag.ma\/?p=27442"},"modified":"2024-02-23T11:16:44","modified_gmt":"2024-02-23T10:16:44","slug":"nezha-hayat-reelue-a-la-tete-du-comite-regional-des-regulateurs-financiers","status":"publish","type":"post","link":"https:\/\/letempsmag.ma\/?p=27442","title":{"rendered":"Nezha Hayat r\u00e9\u00e9lue \u00e0 la t\u00eate du Comit\u00e9 r\u00e9gional des r\u00e9gulateurs financiers"},"content":{"rendered":"\n<p>L\u2019Autorit\u00e9 Marocaine du March\u00e9 des Capitaux (AMMC.) annonce la r\u00e9\u00e9lection de Nezha Hayat, sa Pr\u00e9sidente, au poste de Pr\u00e9sidente du Comit\u00e9 R\u00e9gional Afrique et Moyen-Orient (AMERC) pour un troisi\u00e8me mandat. \u00c0 ce titre, l\u2019AMMC conserve son si\u00e8ge au sein du Conseil d\u2019Administration de l\u2019IOSCO. Cette instance est l&#8217;International Organization of Securities Commissions, une Association de r\u00e9gulateurs des march\u00e9s mondiaux des valeurs mobili\u00e8res et des contrats \u00e0 terme. L\u2019AMERC est le comit\u00e9 regroupant les r\u00e9gulateurs des march\u00e9s financiers de la r\u00e9gion et dont les travaux ont pour objectif l\u2019examen, l\u2019\u00e9change d\u2019information et la promotion des questions sp\u00e9cifiques au d\u00e9veloppement des march\u00e9s des capitaux.<\/p>\n","protected":false},"excerpt":{"rendered":"<p>L\u2019Autorit\u00e9 Marocaine du March\u00e9 des Capitaux (AMMC.) annonce la r\u00e9\u00e9lection de Nezha Hayat, sa Pr\u00e9sidente, au poste de Pr\u00e9sidente du Comit\u00e9 R\u00e9gional Afrique et Moyen-Orient (AMERC) pour un troisi\u00e8me mandat. \u00c0 ce titre, l\u2019AMMC conserve son si\u00e8ge au sein du Conseil d\u2019Administration de l\u2019IOSCO. Cette instance est l&#8217;International Organization of Securities Commissions, une Association de &hellip;<\/p>\n","protected":false},"author":9,"featured_media":27443,"comment_status":"open","ping_status":"closed","sticky":false,"template":"","format":"standard","meta":{"footnotes":""},"categories":[1107],"tags":[],"class_list":["post-27442","post","type-post","status-publish","format-standard","has-post-thumbnail","hentry","category-marche-des-capitaux"],"_links":{"self":[{"href":"https:\/\/letempsmag.ma\/index.php?rest_route=\/wp\/v2\/posts\/27442","targetHints":{"allow":["GET"]}}],"collection":[{"href":"https:\/\/letempsmag.ma\/index.php?rest_route=\/wp\/v2\/posts"}],"about":[{"href":"https:\/\/letempsmag.ma\/index.php?rest_route=\/wp\/v2\/types\/post"}],"author":[{"embeddable":true,"href":"https:\/\/letempsmag.ma\/index.php?rest_route=\/wp\/v2\/users\/9"}],"replies":[{"embeddable":true,"href":"https:\/\/letempsmag.ma\/index.php?rest_route=%2Fwp%2Fv2%2Fcomments&post=27442"}],"version-history":[{"count":1,"href":"https:\/\/letempsmag.ma\/index.php?rest_route=\/wp\/v2\/posts\/27442\/revisions"}],"predecessor-version":[{"id":27444,"href":"https:\/\/letempsmag.ma\/index.php?rest_route=\/wp\/v2\/posts\/27442\/revisions\/27444"}],"wp:featuredmedia":[{"embeddable":true,"href":"https:\/\/letempsmag.ma\/index.php?rest_route=\/wp\/v2\/media\/27443"}],"wp:attachment":[{"href":"https:\/\/letempsmag.ma\/index.php?rest_route=%2Fwp%2Fv2%2Fmedia&parent=27442"}],"wp:term":[{"taxonomy":"category","embeddable":true,"href":"https:\/\/letempsmag.ma\/index.php?rest_route=%2Fwp%2Fv2%2Fcategories&post=27442"},{"taxonomy":"post_tag","embeddable":true,"href":"https:\/\/letempsmag.ma\/index.php?rest_route=%2Fwp%2Fv2%2Ftags&post=27442"}],"curies":[{"name":"wp","href":"https:\/\/api.w.org\/{rel}","templated":true}]}}