{"id":27408,"date":"2024-02-21T11:50:27","date_gmt":"2024-02-21T10:50:27","guid":{"rendered":"https:\/\/letempsmag.ma\/?p=27408"},"modified":"2024-02-21T11:50:28","modified_gmt":"2024-02-21T10:50:28","slug":"mosaik-frappe-fort-deux-fois","status":"publish","type":"post","link":"https:\/\/letempsmag.ma\/?p=27408","title":{"rendered":"Mosa\u00efk frappe fort deux fois"},"content":{"rendered":"\n<p>L\u2019agence Mosa\u00efk Communication a d\u00e9croch\u00e9 deux \u00c9toiles au cours de la c\u00e9r\u00e9monie de cl\u00f4ture de la 7<sup>\u00e8me<\/sup> \u00e9dition de l\u2019\u00e9v\u00e9nement Les Imp\u00e9riales, tenue le 17 f\u00e9vrier dernier \u00e0 Casablanca et r\u00e9unissant les op\u00e9rateurs de la communication et de la publicit\u00e9 au Maroc.<\/p>\n\n\n\n<p>Le Prix Sp\u00e9cial des Professionnels a r\u00e9compens\u00e9 la campagne r\u00e9v\u00e9lant la nouvelle strat\u00e9gie de marque de Royal Air Maroc port\u00e9e par la signature \u00ab#DreamAfrica#MeetMorocco\u00bb. Challeng\u00e9e par la vision de la compagnie nationale exprimant avec force son identit\u00e9 marocaine et africaine, son engagement pour le continent et sa volont\u00e9 de rupture cr\u00e9ative, l\u2019agence a propos\u00e9 un concept visuel ultra-contemporain. Celui-ci r\u00e9v\u00e8le une Afrique pleine de talents et positive, loin des clich\u00e9s. Le film, inspir\u00e9 de la culture pop, est soutenu par une musique originale et une voix mobilisatrice et po\u00e9tique, interpr\u00e9t\u00e9 en \u00abslam\u00bb par de jeunes artistes marocains et internationaux, en arabe, en fran\u00e7ais et anglais. La campagne a b\u00e9n\u00e9fici\u00e9 d\u2019un d\u00e9ploiement exceptionnel dans 28 pays \u00e0 travers des supports m\u00e9dias et digitaux puissants, notamment en affichage grand format et sur les \u00e9crans num\u00e9riques des plus grandes m\u00e9tropoles.<\/p>\n\n\n\n<p>Quant au Prix de l\u2019\u00c9v\u00e9nementiel dans la cat\u00e9gorie MICE, il a \u00e9t\u00e9 d\u00e9cern\u00e9 au team building de communication interne organis\u00e9 pour la c\u00e9l\u00e9bration du 30<sup>\u00e8me<\/sup> anniversaire de CFG Bank. Le format sans pr\u00e9c\u00e9dent de concert participatif con\u00e7u par Mosa\u00efk a immerg\u00e9 plus de 300 collaborateurs, cadres et dirigeants dans la magie d\u2019une grande com\u00e9die musicale, alli\u00e9e \u00e0 un karaok\u00e9 g\u00e9ant survolt\u00e9. Chanteurs professionnels, danseurs et \u00e9quipes internes se sont succ\u00e9d\u00e9s sur sc\u00e8ne, port\u00e9s par une sc\u00e9nographie, des d\u00e9cors et des lumi\u00e8res dignes d\u2019une superproduction. Au-del\u00e0 du spectacle, un travail collaboratif avec les \u00e9quipes de la banque a permis de diffuser les messages strat\u00e9giques de l\u2019entreprise, \u00e0 travers de grands succ\u00e8s de la chanson internationale, fran\u00e7aise et marocaine, dont les paroles avaient \u00e9t\u00e9 enti\u00e8rement revisit\u00e9es pour transcender l\u2019histoire de CFG, ses valeurs et ses engagements de banque universelle de nouvelle g\u00e9n\u00e9ration.&nbsp;<\/p>\n\n\n\n<p>Cette double distinction salue le travail et l\u2019exp\u00e9rience de Mosa\u00efk et r\u00e9compense son approche unique de communication globale. Cr\u00e9\u00e9e en 1995, l\u2019agence intervient \u00e0 360 degr\u00e9s aupr\u00e8s de ses clients, tant sur le d\u00e9veloppement de leur marque et leur strat\u00e9gie cr\u00e9ative qu\u2019en mati\u00e8re d\u2019\u00e9v\u00e9nementiel et de relations publiques.<\/p>\n\n\n\n<p>Les \u00c9toiles ainsi d\u00e9croch\u00e9es r\u00e9compensent la qualit\u00e9 du partenariat et l\u2019esprit de cr\u00e9ation partag\u00e9 par l\u2019agence avec des annonceurs ambitieux et souhaitant exprimer leur diff\u00e9rence avec originalit\u00e9 et impact.<\/p>\n","protected":false},"excerpt":{"rendered":"<p>L\u2019agence Mosa\u00efk Communication a d\u00e9croch\u00e9 deux \u00c9toiles au cours de la c\u00e9r\u00e9monie de cl\u00f4ture de la 7\u00e8me \u00e9dition de l\u2019\u00e9v\u00e9nement Les Imp\u00e9riales, tenue le 17 f\u00e9vrier dernier \u00e0 Casablanca et r\u00e9unissant les op\u00e9rateurs de la communication et de la publicit\u00e9 au Maroc. Le Prix Sp\u00e9cial des Professionnels a r\u00e9compens\u00e9 la campagne r\u00e9v\u00e9lant la nouvelle strat\u00e9gie &hellip;<\/p>\n","protected":false},"author":9,"featured_media":27409,"comment_status":"open","ping_status":"closed","sticky":false,"template":"","format":"standard","meta":{"footnotes":""},"categories":[1249],"tags":[],"class_list":["post-27408","post","type-post","status-publish","format-standard","has-post-thumbnail","hentry","category-les-imperiales"],"_links":{"self":[{"href":"https:\/\/letempsmag.ma\/index.php?rest_route=\/wp\/v2\/posts\/27408","targetHints":{"allow":["GET"]}}],"collection":[{"href":"https:\/\/letempsmag.ma\/index.php?rest_route=\/wp\/v2\/posts"}],"about":[{"href":"https:\/\/letempsmag.ma\/index.php?rest_route=\/wp\/v2\/types\/post"}],"author":[{"embeddable":true,"href":"https:\/\/letempsmag.ma\/index.php?rest_route=\/wp\/v2\/users\/9"}],"replies":[{"embeddable":true,"href":"https:\/\/letempsmag.ma\/index.php?rest_route=%2Fwp%2Fv2%2Fcomments&post=27408"}],"version-history":[{"count":1,"href":"https:\/\/letempsmag.ma\/index.php?rest_route=\/wp\/v2\/posts\/27408\/revisions"}],"predecessor-version":[{"id":27410,"href":"https:\/\/letempsmag.ma\/index.php?rest_route=\/wp\/v2\/posts\/27408\/revisions\/27410"}],"wp:featuredmedia":[{"embeddable":true,"href":"https:\/\/letempsmag.ma\/index.php?rest_route=\/wp\/v2\/media\/27409"}],"wp:attachment":[{"href":"https:\/\/letempsmag.ma\/index.php?rest_route=%2Fwp%2Fv2%2Fmedia&parent=27408"}],"wp:term":[{"taxonomy":"category","embeddable":true,"href":"https:\/\/letempsmag.ma\/index.php?rest_route=%2Fwp%2Fv2%2Fcategories&post=27408"},{"taxonomy":"post_tag","embeddable":true,"href":"https:\/\/letempsmag.ma\/index.php?rest_route=%2Fwp%2Fv2%2Ftags&post=27408"}],"curies":[{"name":"wp","href":"https:\/\/api.w.org\/{rel}","templated":true}]}}