{"id":27307,"date":"2024-02-13T14:57:22","date_gmt":"2024-02-13T13:57:22","guid":{"rendered":"https:\/\/letempsmag.ma\/?p=27307"},"modified":"2024-02-13T14:57:23","modified_gmt":"2024-02-13T13:57:23","slug":"sofrecom-maroc-certifiee-geeis","status":"publish","type":"post","link":"https:\/\/letempsmag.ma\/?p=27307","title":{"rendered":"Sofrecom Maroc certifi\u00e9e \u00abGEEIS\u00bb"},"content":{"rendered":"\n<p>Sofrecom Maroc, leader des services num\u00e9riques au Maroc, a obtenu la certification \u00abGEEIS\u00bb, une reconnaissance prestigieuse qui souligne l&#8217;engagement de l&#8217;entreprise en faveur de l&#8217;\u00e9galit\u00e9 professionnelle et de la diversit\u00e9 au sein de son environnement de travail. Cette certification est le r\u00e9sultat d&#8217;un processus d&#8217;\u00e9valuation approfondi qui a mis en \u00e9vidence les politiques et pratiques de l\u2019entreprise visant \u00e0 promouvoir l&#8217;\u00e9galit\u00e9 des chances pour l\u2019ensemble de ses collaboratrices et ses collaborateurs, ind\u00e9pendamment de leur sexe, origine ethnique, \u00e2ge ou tout autre crit\u00e8re.<\/p>\n","protected":false},"excerpt":{"rendered":"<p>Sofrecom Maroc, leader des services num\u00e9riques au Maroc, a obtenu la certification \u00abGEEIS\u00bb, une reconnaissance prestigieuse qui souligne l&#8217;engagement de l&#8217;entreprise en faveur de l&#8217;\u00e9galit\u00e9 professionnelle et de la diversit\u00e9 au sein de son environnement de travail. Cette certification est le r\u00e9sultat d&#8217;un processus d&#8217;\u00e9valuation approfondi qui a mis en \u00e9vidence les politiques et pratiques &hellip;<\/p>\n","protected":false},"author":9,"featured_media":27308,"comment_status":"open","ping_status":"closed","sticky":false,"template":"","format":"standard","meta":{"footnotes":""},"categories":[304],"tags":[],"class_list":["post-27307","post","type-post","status-publish","format-standard","has-post-thumbnail","hentry","category-normes"],"_links":{"self":[{"href":"https:\/\/letempsmag.ma\/index.php?rest_route=\/wp\/v2\/posts\/27307","targetHints":{"allow":["GET"]}}],"collection":[{"href":"https:\/\/letempsmag.ma\/index.php?rest_route=\/wp\/v2\/posts"}],"about":[{"href":"https:\/\/letempsmag.ma\/index.php?rest_route=\/wp\/v2\/types\/post"}],"author":[{"embeddable":true,"href":"https:\/\/letempsmag.ma\/index.php?rest_route=\/wp\/v2\/users\/9"}],"replies":[{"embeddable":true,"href":"https:\/\/letempsmag.ma\/index.php?rest_route=%2Fwp%2Fv2%2Fcomments&post=27307"}],"version-history":[{"count":1,"href":"https:\/\/letempsmag.ma\/index.php?rest_route=\/wp\/v2\/posts\/27307\/revisions"}],"predecessor-version":[{"id":27309,"href":"https:\/\/letempsmag.ma\/index.php?rest_route=\/wp\/v2\/posts\/27307\/revisions\/27309"}],"wp:featuredmedia":[{"embeddable":true,"href":"https:\/\/letempsmag.ma\/index.php?rest_route=\/wp\/v2\/media\/27308"}],"wp:attachment":[{"href":"https:\/\/letempsmag.ma\/index.php?rest_route=%2Fwp%2Fv2%2Fmedia&parent=27307"}],"wp:term":[{"taxonomy":"category","embeddable":true,"href":"https:\/\/letempsmag.ma\/index.php?rest_route=%2Fwp%2Fv2%2Fcategories&post=27307"},{"taxonomy":"post_tag","embeddable":true,"href":"https:\/\/letempsmag.ma\/index.php?rest_route=%2Fwp%2Fv2%2Ftags&post=27307"}],"curies":[{"name":"wp","href":"https:\/\/api.w.org\/{rel}","templated":true}]}}