{"id":27257,"date":"2024-02-07T11:14:43","date_gmt":"2024-02-07T10:14:43","guid":{"rendered":"https:\/\/letempsmag.ma\/?p=27257"},"modified":"2024-02-07T11:14:44","modified_gmt":"2024-02-07T10:14:44","slug":"la-decarbonation-au-maroc-au-centre-des-rencontres-internationales-de-la-rso","status":"publish","type":"post","link":"https:\/\/letempsmag.ma\/?p=27257","title":{"rendered":"La d\u00e9carbonation au Maroc au centre des Rencontres Internationales de la RSO"},"content":{"rendered":"\n<p>L\u2019Association pour le D\u00e9veloppement de la Responsabilit\u00e9 Soci\u00e9tale des Organisations au Maroc (RSO) organisera le 14 f\u00e9vrier prochain \u00e0 l\u2019H\u00f4tel Grand Mogador de Casablanca, en partenariat avec la F\u00e9d\u00e9ration Nationale de l&#8217;\u00c9lectricit\u00e9, de l\u2019\u00c9lectronique et des \u00c9nergies Renouvelables (FENELEC), la 7<sup>\u00e8me<\/sup> \u00e9dition des Rencontres Internationales de la RSO. Plac\u00e9 sous l\u2019\u00e9gide du minist\u00e8re de la Transition \u00e9nerg\u00e9tique et du D\u00e9veloppement durable et du minist\u00e8re de l\u2019Industrie et du Commerce, cet \u00e9v\u00e9nement sera consacr\u00e9, cette ann\u00e9e, \u00e0 la th\u00e9matique suivante&nbsp;: \u00abD\u00e9carbonation au Maroc&nbsp;: vers un avenir durable\u00bb.<\/p>\n\n\n\n<p>La rencontre sera l\u2019occasion de d\u00e9battre et d\u2019analyser les cons\u00e9quences \u00e9conomiques du M\u00e9canisme d\u2019Ajustement Carbone mis en place aux fronti\u00e8res de l\u2019Union Europ\u00e9enne, qui s\u2019applique au fer, \u00e0 l\u2019acier, au ciment, \u00e0 l\u2019aluminium, aux engrais, \u00e0 l\u2019hydrog\u00e8ne et \u00e0 l\u2019\u00e9nergie en provenance des pays africains et concernera progressivement d\u2019autres secteurs industriels tels que l\u2019industrie automobile, l\u2019agro-alimentaire et m\u00eame le textile-habillement.<\/p>\n\n\n\n<p>Cette nouvelle \u00e9dition des Rencontres Internationales de la RSO vise par ailleurs \u00e0 mettre en lumi\u00e8re les d\u00e9fis face \u00e0 cette mesure qui risque de p\u00e9naliser fortement les \u00e9conomies des pays africains mais \u00e9galement, d\u2019\u00e9tudier les opportunit\u00e9s que peut engendrer la d\u00e9carbonation au Maroc, et ce, en mettant l&#8217;accent sur les progr\u00e8s r\u00e9alis\u00e9s et les \u00e9tapes \u00e0 franchir. \u00abLa d\u00e9carbonation, c&#8217;est bien plus qu&#8217;une simple r\u00e9duction des \u00e9missions de gaz \u00e0 effet de serre. C&#8217;est un changement de paradigme, une transformation profonde de nos modes de production, de consommation et de gouvernance. Cela exige des innovations technologiques, des politiques ambitieuses et une sensibilisation accrue de la population. C&#8217;est un processus qui n\u00e9cessite des investissements massifs dans les \u00e9nergies renouvelables, la mobilit\u00e9 durable, l&#8217;efficacit\u00e9 \u00e9nerg\u00e9tique et la pr\u00e9servation de nos ressources naturelles.\u00bb rappelle Monsieur Mohammed Aziz Darj, Pr\u00e9sident de RSO au MAROC.<\/p>\n\n\n\n<p>Les principaux th\u00e8mes qui seront abord\u00e9s traiteront des politiques gouvernementales et des initiatives pour la d\u00e9carbonation, des meilleures pratiques des entreprises et des \u00e9tudes de cas de r\u00e9ussite, des avanc\u00e9es technologiques et des solutions innovantes dans le domaine des \u00e9nergies renouvelables et de l&#8217;efficacit\u00e9 \u00e9nerg\u00e9tique, de l\u2019investissement et des opportunit\u00e9s de financement dans le cadre de la transition vers une \u00e9conomie \u00e0 faibles \u00e9missions de carbone.<\/p>\n","protected":false},"excerpt":{"rendered":"<p>L\u2019Association pour le D\u00e9veloppement de la Responsabilit\u00e9 Soci\u00e9tale des Organisations au Maroc (RSO) organisera le 14 f\u00e9vrier prochain \u00e0 l\u2019H\u00f4tel Grand Mogador de Casablanca, en partenariat avec la F\u00e9d\u00e9ration Nationale de l&#8217;\u00c9lectricit\u00e9, de l\u2019\u00c9lectronique et des \u00c9nergies Renouvelables (FENELEC), la 7\u00e8me \u00e9dition des Rencontres Internationales de la RSO. Plac\u00e9 sous l\u2019\u00e9gide du minist\u00e8re de la &hellip;<\/p>\n","protected":false},"author":9,"featured_media":27258,"comment_status":"open","ping_status":"closed","sticky":false,"template":"","format":"standard","meta":{"footnotes":""},"categories":[204],"tags":[],"class_list":["post-27257","post","type-post","status-publish","format-standard","has-post-thumbnail","hentry","category-debat-2"],"_links":{"self":[{"href":"https:\/\/letempsmag.ma\/index.php?rest_route=\/wp\/v2\/posts\/27257","targetHints":{"allow":["GET"]}}],"collection":[{"href":"https:\/\/letempsmag.ma\/index.php?rest_route=\/wp\/v2\/posts"}],"about":[{"href":"https:\/\/letempsmag.ma\/index.php?rest_route=\/wp\/v2\/types\/post"}],"author":[{"embeddable":true,"href":"https:\/\/letempsmag.ma\/index.php?rest_route=\/wp\/v2\/users\/9"}],"replies":[{"embeddable":true,"href":"https:\/\/letempsmag.ma\/index.php?rest_route=%2Fwp%2Fv2%2Fcomments&post=27257"}],"version-history":[{"count":1,"href":"https:\/\/letempsmag.ma\/index.php?rest_route=\/wp\/v2\/posts\/27257\/revisions"}],"predecessor-version":[{"id":27259,"href":"https:\/\/letempsmag.ma\/index.php?rest_route=\/wp\/v2\/posts\/27257\/revisions\/27259"}],"wp:featuredmedia":[{"embeddable":true,"href":"https:\/\/letempsmag.ma\/index.php?rest_route=\/wp\/v2\/media\/27258"}],"wp:attachment":[{"href":"https:\/\/letempsmag.ma\/index.php?rest_route=%2Fwp%2Fv2%2Fmedia&parent=27257"}],"wp:term":[{"taxonomy":"category","embeddable":true,"href":"https:\/\/letempsmag.ma\/index.php?rest_route=%2Fwp%2Fv2%2Fcategories&post=27257"},{"taxonomy":"post_tag","embeddable":true,"href":"https:\/\/letempsmag.ma\/index.php?rest_route=%2Fwp%2Fv2%2Ftags&post=27257"}],"curies":[{"name":"wp","href":"https:\/\/api.w.org\/{rel}","templated":true}]}}