{"id":27251,"date":"2024-02-06T13:14:09","date_gmt":"2024-02-06T12:14:09","guid":{"rendered":"https:\/\/letempsmag.ma\/?p=27251"},"modified":"2024-02-06T13:14:10","modified_gmt":"2024-02-06T12:14:10","slug":"les-beneficiaires-de-lexport-morocco-now-pour-2024-2026-sont-connus","status":"publish","type":"post","link":"https:\/\/letempsmag.ma\/?p=27251","title":{"rendered":"Les b\u00e9n\u00e9ficiaires de l\u2019\u00abExport Morocco Now\u00bb pour 2024-2026 sont connus"},"content":{"rendered":"\n<p>En partenariat avec le minist\u00e8re de l\u2019Industrie et du Commerce et l\u2019Association Marocaine des Exportateurs (ASMEX), l\u2019Agence Marocaine de D\u00e9veloppement des Investissements et des Exportations (AMDIE) annonce la cl\u00f4ture de la s\u00e9lection d\u00e9finitive des candidats confirm\u00e9s \u00e0 l\u2019export et des primo-exportateurs. Les entit\u00e9s s\u00e9lectionn\u00e9es b\u00e9n\u00e9ficieront du programme triennal d&#8217;accompagnement \u00e0 l&#8217;export \u00abExport Morocco Now\u00bb pour la p\u00e9riode 2024-2026.<\/p>\n\n\n\n<p>Le programme triennal \u00abExport Morocco Now\u00bb, con\u00e7u pour contribuer \u00e0 stimuler l\u2019essor de l\u2019industrie et des services marocains \u00e0 l\u2019\u00e9chelle mondiale, se positionne comme une r\u00e9ponse aux besoins des entreprises et coop\u00e9ratives marocaines exportatrices et primo-exportatrices ayant un potentiel \u00e0 l\u2019export.<\/p>\n\n\n\n<p>\u00c0 cette occasion, le Directeur G\u00e9n\u00e9ral de l\u2019AMDIE, Ali Seddiki, explique&nbsp;: \u00abEn application des hautes orientations Royales, le programme \u00abExport Morocco Now\u00bb contribue \u00e0 la promotion de la production marocaine de biens et services \u00e0 l\u2019international. Cette initiative ambitionne aujourd\u2019hui de s\u00e9lectionner des primo exportateurs, des entreprises et coop\u00e9ratives marocaines qui vont d\u00e9marrer leurs exportations. Avec nos partenaires, le minist\u00e8re de l\u2019Investissement, de la Convergence et de l\u2019\u00c9valuation des Politiques Publiques, le minist\u00e8re de l\u2019Industrie et du Commerce et l\u2019ASMEX, nous avons constitu\u00e9s des commissions pour s\u00e9lectionner les primo-exportateurs que l\u2019AMDIE pourra accompagner pendant trois ans\u00bb.<\/p>\n\n\n\n<p>L\u2019appel \u00e0 manifestation d\u2019int\u00e9r\u00eat au programme triennal \u00abExport Morocco Now\u00bb, qui a \u00e9t\u00e9 cl\u00f4tur\u00e9 le 10 novembre dernier, a suscit\u00e9 un vif int\u00e9r\u00eat avec la participation de 549 candidats. Apr\u00e8s \u00e9tude des dossiers par le comit\u00e9 de pilotage, 518 candidats ont \u00e9t\u00e9 retenus dont 177 confirm\u00e9s \u00e0 l&#8217;export avec un chiffre d&#8217;affaires \u00e0 l&#8217;export d\u00e9passant 5 millions de DH en moyenne sur les trois derni\u00e8res ann\u00e9es, et 341 primo-exportateurs n\u2019ayant jamais r\u00e9alis\u00e9 d\u2019op\u00e9ration d&#8217;exportation ou dont le chiffre d&#8217;affaires \u00e0 l&#8217;export n\u2019exc\u00e8de pas 5 millions de DH en moyenne sur les trois derni\u00e8res ann\u00e9es. Pour les exportateurs confirm\u00e9s candidats, sur les 250 places disponibles, 177 candidats \u00e9ligibles ont \u00e9t\u00e9 s\u00e9lectionn\u00e9s sur la base des dossiers envoy\u00e9s pour b\u00e9n\u00e9ficier du programme. Pour ce qui est des primo-exportateurs, sur les 341 candidats postulant, 191 candidats \u00e9ligibles ont \u00e9t\u00e9 pr\u00e9s\u00e9lectionn\u00e9s sur la base des dossiers envoy\u00e9s.<\/p>\n\n\n\n<p>Dans la continuit\u00e9 des actions de solidarit\u00e9s nationales et citoyennes mises en place et pour accompagner la relance \u00e9conomique dans les r\u00e9gions et provinces fortement impact\u00e9es par le s\u00e9isme du 8 septembre dernier, le comit\u00e9 de pilotage a d\u00e9cid\u00e9 de retenir 23 candidats \u00e9ligibles de l\u2019Oriental, de B\u00e9ni Mellal-Kh\u00e9nifra, de Dr\u00e2a-Tafilelt, de Guelmim-Oued Noun, de La\u00e2youne Sakia El Hamra, de Dakhla-Oued Eddahab, du Haouz et de Taroudant.&nbsp;<\/p>\n","protected":false},"excerpt":{"rendered":"<p>En partenariat avec le minist\u00e8re de l\u2019Industrie et du Commerce et l\u2019Association Marocaine des Exportateurs (ASMEX), l\u2019Agence Marocaine de D\u00e9veloppement des Investissements et des Exportations (AMDIE) annonce la cl\u00f4ture de la s\u00e9lection d\u00e9finitive des candidats confirm\u00e9s \u00e0 l\u2019export et des primo-exportateurs. Les entit\u00e9s s\u00e9lectionn\u00e9es b\u00e9n\u00e9ficieront du programme triennal d&#8217;accompagnement \u00e0 l&#8217;export \u00abExport Morocco Now\u00bb pour &hellip;<\/p>\n","protected":false},"author":9,"featured_media":27252,"comment_status":"open","ping_status":"closed","sticky":false,"template":"","format":"standard","meta":{"footnotes":""},"categories":[201],"tags":[],"class_list":["post-27251","post","type-post","status-publish","format-standard","has-post-thumbnail","hentry","category-affaires"],"_links":{"self":[{"href":"https:\/\/letempsmag.ma\/index.php?rest_route=\/wp\/v2\/posts\/27251","targetHints":{"allow":["GET"]}}],"collection":[{"href":"https:\/\/letempsmag.ma\/index.php?rest_route=\/wp\/v2\/posts"}],"about":[{"href":"https:\/\/letempsmag.ma\/index.php?rest_route=\/wp\/v2\/types\/post"}],"author":[{"embeddable":true,"href":"https:\/\/letempsmag.ma\/index.php?rest_route=\/wp\/v2\/users\/9"}],"replies":[{"embeddable":true,"href":"https:\/\/letempsmag.ma\/index.php?rest_route=%2Fwp%2Fv2%2Fcomments&post=27251"}],"version-history":[{"count":1,"href":"https:\/\/letempsmag.ma\/index.php?rest_route=\/wp\/v2\/posts\/27251\/revisions"}],"predecessor-version":[{"id":27253,"href":"https:\/\/letempsmag.ma\/index.php?rest_route=\/wp\/v2\/posts\/27251\/revisions\/27253"}],"wp:featuredmedia":[{"embeddable":true,"href":"https:\/\/letempsmag.ma\/index.php?rest_route=\/wp\/v2\/media\/27252"}],"wp:attachment":[{"href":"https:\/\/letempsmag.ma\/index.php?rest_route=%2Fwp%2Fv2%2Fmedia&parent=27251"}],"wp:term":[{"taxonomy":"category","embeddable":true,"href":"https:\/\/letempsmag.ma\/index.php?rest_route=%2Fwp%2Fv2%2Fcategories&post=27251"},{"taxonomy":"post_tag","embeddable":true,"href":"https:\/\/letempsmag.ma\/index.php?rest_route=%2Fwp%2Fv2%2Ftags&post=27251"}],"curies":[{"name":"wp","href":"https:\/\/api.w.org\/{rel}","templated":true}]}}