{"id":27248,"date":"2024-02-06T13:13:28","date_gmt":"2024-02-06T12:13:28","guid":{"rendered":"https:\/\/letempsmag.ma\/?p=27248"},"modified":"2024-02-06T13:13:29","modified_gmt":"2024-02-06T12:13:29","slug":"consecration-africaine-pour-lhopital-universitaire-international-mohammed-vi","status":"publish","type":"post","link":"https:\/\/letempsmag.ma\/?p=27248","title":{"rendered":"Cons\u00e9cration africaine pour l\u2019H\u00f4pital Universitaire International Mohammed VI"},"content":{"rendered":"\n<p>L\u2019H\u00f4pital Universitaire International Mohammed VI (HUIM6) de Bouskoura (Casablanca) est devenu, samedi dernier, la premi\u00e8re structure hospitali\u00e8re au Maroc et en Afrique \u00e0 recevoir le label de l\u2019Initiative H\u00f4pital Ami des B\u00e9b\u00e9s (IHAB). La nouvelle a \u00e9t\u00e9 annonc\u00e9e et c\u00e9l\u00e9br\u00e9e lors d\u2019une c\u00e9r\u00e9monie pr\u00e9sid\u00e9e par le Ministre de la Sant\u00e9 et de la Protection sociale, Khalid A\u00eft Taleb.<\/p>\n\n\n\n<p>Reposant sur 12 recommandations scientifiques actualis\u00e9es r\u00e9guli\u00e8rement, le label sous-tend un programme de soins centr\u00e9s sur l&#8217;enfant et la famille, ses objectifs incluent le soutien \u00e0 l&#8217;allaitement, l&#8217;am\u00e9lioration de l&#8217;accueil du nouveau-n\u00e9 en respectant ses besoins, et un accompagnement bienveillant des parents pour favoriser l&#8217;attachement et l&#8217;autonomie. Il est \u00e0 noter que le programme IHAB, g\u00e9r\u00e9 \u00e0 l&#8217;\u00e9chelle internationale par l&#8217;Organisation Mondiale de la Sant\u00e9 (OMS) et l&#8217;UNICEF, est appliqu\u00e9 par chaque pays avec des adaptations nationales.&nbsp;<\/p>\n\n\n\n<p>Pour l\u2019occasion, le Ministre de tutelle a indiqu\u00e9 dans une allocution que cette lab\u00e9lisation, qui refl\u00e8te l\u2019engagement de l\u2019HUIM6 en faveur de l&#8217;excellence, l\u2019innovation et le bien-\u00eatre des patients, \u00abvient concr\u00e9tiser les orientations du Nouveau Mod\u00e8le de D\u00e9veloppement ainsi que les aspirations de la loi cadre \u00ab06-22\u00bb relative au Syst\u00e8me National de Sant\u00e9, conform\u00e9ment aux hautes directives de S.M. le Roi Mohammed VI, que Dieu L\u2019Assiste\u00bb.<\/p>\n\n\n\n<p>Le Directeur G\u00e9n\u00e9ral de l\u2019H\u00f4pital Universitaire International Mohammed VI de Bouskoura, Ahmed Bennana, s\u2019est f\u00e9licit\u00e9 de cette certification in\u00e9dite au Maroc et en Afrique, y voyant \u00abune garantie de la qualit\u00e9 et de la s\u00e9curit\u00e9 de la prise en charge des femmes enceintes et des nouveau-n\u00e9s\u00bb. Le programme est d\u2019autant plus important qu\u2019il n\u2019englobe pas seulement l\u2019accouchement, mais plut\u00f4t la p\u00e9rinatalit\u00e9 (avant, durant et apr\u00e8s l\u2019accouchement). Selon Ahmed Bennana, \u00abC\u2019est un programme qui innove \u00e9galement par l\u2019implication de toute la famille et la pr\u00e9paration du nouveau-n\u00e9 et de sa famille \u00e0 une nouvelle situation, \u00e0 travers des \u00e9tapes ma\u00eetris\u00e9es comprenant accompagnement, formations et visites r\u00e9guli\u00e8res\u00bb. Et de rappeler que l\u2019HUIM6, qui a \u00e9t\u00e9 certifi\u00e9 \u00abISO 9001\u00bb l\u2019ann\u00e9e derni\u00e8re, est engag\u00e9 dans d\u2019autres processus de certification, pour se conformer aux meilleurs standards internationaux en la mati\u00e8re. L&#8217;h\u00f4pital offre, en effet, un accompagnement personnalis\u00e9 aux parents d\u00e8s la naissance.&nbsp;<\/p>\n\n\n\n<p>Gr\u00e2ce \u00e0 cette lab\u00e9lisation, l&#8217;HUIM6 se positionne comme structure de r\u00e9f\u00e9rence au Maroc et en Afrique en mati\u00e8re de prise en charge de la p\u00e9rinatalit\u00e9 et du bien-\u00eatre des parturientes et des nouveau-n\u00e9s, notamment par l&#8217;adoption des derni\u00e8res avanc\u00e9es m\u00e9dicales.<\/p>\n\n\n\n<p><strong>L. F.<\/strong><\/p>\n","protected":false},"excerpt":{"rendered":"<p>L\u2019H\u00f4pital Universitaire International Mohammed VI (HUIM6) de Bouskoura (Casablanca) est devenu, samedi dernier, la premi\u00e8re structure hospitali\u00e8re au Maroc et en Afrique \u00e0 recevoir le label de l\u2019Initiative H\u00f4pital Ami des B\u00e9b\u00e9s (IHAB). La nouvelle a \u00e9t\u00e9 annonc\u00e9e et c\u00e9l\u00e9br\u00e9e lors d\u2019une c\u00e9r\u00e9monie pr\u00e9sid\u00e9e par le Ministre de la Sant\u00e9 et de la Protection sociale, &hellip;<\/p>\n","protected":false},"author":9,"featured_media":27249,"comment_status":"open","ping_status":"closed","sticky":false,"template":"","format":"standard","meta":{"footnotes":""},"categories":[304],"tags":[],"class_list":["post-27248","post","type-post","status-publish","format-standard","has-post-thumbnail","hentry","category-normes"],"_links":{"self":[{"href":"https:\/\/letempsmag.ma\/index.php?rest_route=\/wp\/v2\/posts\/27248","targetHints":{"allow":["GET"]}}],"collection":[{"href":"https:\/\/letempsmag.ma\/index.php?rest_route=\/wp\/v2\/posts"}],"about":[{"href":"https:\/\/letempsmag.ma\/index.php?rest_route=\/wp\/v2\/types\/post"}],"author":[{"embeddable":true,"href":"https:\/\/letempsmag.ma\/index.php?rest_route=\/wp\/v2\/users\/9"}],"replies":[{"embeddable":true,"href":"https:\/\/letempsmag.ma\/index.php?rest_route=%2Fwp%2Fv2%2Fcomments&post=27248"}],"version-history":[{"count":1,"href":"https:\/\/letempsmag.ma\/index.php?rest_route=\/wp\/v2\/posts\/27248\/revisions"}],"predecessor-version":[{"id":27250,"href":"https:\/\/letempsmag.ma\/index.php?rest_route=\/wp\/v2\/posts\/27248\/revisions\/27250"}],"wp:featuredmedia":[{"embeddable":true,"href":"https:\/\/letempsmag.ma\/index.php?rest_route=\/wp\/v2\/media\/27249"}],"wp:attachment":[{"href":"https:\/\/letempsmag.ma\/index.php?rest_route=%2Fwp%2Fv2%2Fmedia&parent=27248"}],"wp:term":[{"taxonomy":"category","embeddable":true,"href":"https:\/\/letempsmag.ma\/index.php?rest_route=%2Fwp%2Fv2%2Fcategories&post=27248"},{"taxonomy":"post_tag","embeddable":true,"href":"https:\/\/letempsmag.ma\/index.php?rest_route=%2Fwp%2Fv2%2Ftags&post=27248"}],"curies":[{"name":"wp","href":"https:\/\/api.w.org\/{rel}","templated":true}]}}