{"id":27199,"date":"2024-02-02T12:15:53","date_gmt":"2024-02-02T11:15:53","guid":{"rendered":"https:\/\/letempsmag.ma\/?p=27199"},"modified":"2024-02-02T12:15:54","modified_gmt":"2024-02-02T11:15:54","slug":"le-maroc-prend-la-presidence-du-conseil-de-paix-et-de-securite-de-lunion-africaine-2","status":"publish","type":"post","link":"https:\/\/letempsmag.ma\/?p=27199","title":{"rendered":"Le Maroc prend la pr\u00e9sidence du Conseil de Paix et de S\u00e9curit\u00e9 de l&#8217;Union Africaine"},"content":{"rendered":"\n<p>Le Maroc, membre du Conseil de Paix et de S\u00e9curit\u00e9 de l&#8217;Union Africaine pour un mandat de trois ans (2022-2025), a acc\u00e9d\u00e9 depuis hier, 1er f\u00e9vrier, \u00e0 la pr\u00e9sidence de cet important organe d\u00e9cisionnel, charg\u00e9 de promouvoir la paix, la s\u00e9curit\u00e9 et la stabilit\u00e9 sur le continent africain. La pr\u00e9sidence marocaine du Conseil, durant le mois de f\u00e9vrier, est la troisi\u00e8me depuis son retour \u00e0 l\u2019Union Africaine, en janvier 2017.<\/p>\n\n\n\n<p>Apr\u00e8s avoir pr\u00e9sid\u00e9 cet organe en septembre 2019, durant son premier mandat au sein du Conseil (2018-2020), et en octobre 2022, au titre de son mandat triennal (2022-2025), cette troisi\u00e8me pr\u00e9sidence s\u2019inscrit dans la continuit\u00e9 des efforts constants du Royaume du Maroc en faveur de la paix, de la s\u00e9curit\u00e9 et du d\u00e9veloppement en Afrique.<\/p>\n\n\n\n<p>La contribution du Royaume \u00e0 l\u2019action africaine commune est guid\u00e9e par la Vision de S.M. le Roi Mohammed VI qui place les causes nobles de l\u2019Afrique et les int\u00e9r\u00eats vitaux du citoyen africain en mati\u00e8re de paix, de s\u00e9curit\u00e9 et de d\u00e9veloppement, au centre de l\u2019agenda panafricain.<\/p>\n\n\n\n<p><strong>Y. E. H.<\/strong><\/p>\n","protected":false},"excerpt":{"rendered":"<p>Le Maroc, membre du Conseil de Paix et de S\u00e9curit\u00e9 de l&#8217;Union Africaine pour un mandat de trois ans (2022-2025), a acc\u00e9d\u00e9 depuis hier, 1er f\u00e9vrier, \u00e0 la pr\u00e9sidence de cet important organe d\u00e9cisionnel, charg\u00e9 de promouvoir la paix, la s\u00e9curit\u00e9 et la stabilit\u00e9 sur le continent africain. La pr\u00e9sidence marocaine du Conseil, durant le &hellip;<\/p>\n","protected":false},"author":9,"featured_media":27200,"comment_status":"open","ping_status":"closed","sticky":false,"template":"","format":"standard","meta":{"footnotes":""},"categories":[68],"tags":[],"class_list":["post-27199","post","type-post","status-publish","format-standard","has-post-thumbnail","hentry","category-politique"],"_links":{"self":[{"href":"https:\/\/letempsmag.ma\/index.php?rest_route=\/wp\/v2\/posts\/27199","targetHints":{"allow":["GET"]}}],"collection":[{"href":"https:\/\/letempsmag.ma\/index.php?rest_route=\/wp\/v2\/posts"}],"about":[{"href":"https:\/\/letempsmag.ma\/index.php?rest_route=\/wp\/v2\/types\/post"}],"author":[{"embeddable":true,"href":"https:\/\/letempsmag.ma\/index.php?rest_route=\/wp\/v2\/users\/9"}],"replies":[{"embeddable":true,"href":"https:\/\/letempsmag.ma\/index.php?rest_route=%2Fwp%2Fv2%2Fcomments&post=27199"}],"version-history":[{"count":1,"href":"https:\/\/letempsmag.ma\/index.php?rest_route=\/wp\/v2\/posts\/27199\/revisions"}],"predecessor-version":[{"id":27201,"href":"https:\/\/letempsmag.ma\/index.php?rest_route=\/wp\/v2\/posts\/27199\/revisions\/27201"}],"wp:featuredmedia":[{"embeddable":true,"href":"https:\/\/letempsmag.ma\/index.php?rest_route=\/wp\/v2\/media\/27200"}],"wp:attachment":[{"href":"https:\/\/letempsmag.ma\/index.php?rest_route=%2Fwp%2Fv2%2Fmedia&parent=27199"}],"wp:term":[{"taxonomy":"category","embeddable":true,"href":"https:\/\/letempsmag.ma\/index.php?rest_route=%2Fwp%2Fv2%2Fcategories&post=27199"},{"taxonomy":"post_tag","embeddable":true,"href":"https:\/\/letempsmag.ma\/index.php?rest_route=%2Fwp%2Fv2%2Ftags&post=27199"}],"curies":[{"name":"wp","href":"https:\/\/api.w.org\/{rel}","templated":true}]}}