{"id":27124,"date":"2024-01-30T11:04:20","date_gmt":"2024-01-30T10:04:20","guid":{"rendered":"https:\/\/letempsmag.ma\/?p=27124"},"modified":"2024-01-30T11:04:21","modified_gmt":"2024-01-30T10:04:21","slug":"le-maroc-prend-part-a-rome-au-sommet-italie-afrique","status":"publish","type":"post","link":"https:\/\/letempsmag.ma\/?p=27124","title":{"rendered":"Le Maroc prend part \u00e0 Rome au Sommet Italie-Afrique"},"content":{"rendered":"\n<p>Le Sommet Italie-Afrique \u00abUn pont pour une croissance commune\u00bb s\u2019est ouvert hier \u00e0 Rome, avec la participation du Chef du gouvernement, Aziz Akhannouch, qui repr\u00e9sente S.M. le Roi Mohammed VI. Dans une allocution prononc\u00e9e \u00e0 l\u2019ouverture de ce Sommet, la Pr\u00e9sidente du Conseil italien des Ministres, Giorgia Meloni, a mis en exergue le grand potentiel et la richesse du continent africain, notamment en mati\u00e8re de ressources naturelles et humaines, estimant que \u00abLe monde ne peut pas scruter l\u2019avenir sans tourner ses regards vers l\u2019Afrique\u00bb. La haute dirigeante a affirm\u00e9 que l\u2019Italie fonde sa vision de la coop\u00e9ration avec le continent africain sur le \u00abPlan Mattei\u00bb qui constitue, selon elle, une plateforme efficace et concr\u00e8te de coop\u00e9ration avec les pays africains sur la base du principe de l\u2019\u00e9galit\u00e9. \u00c0 travers ce plan, Rome ambitionne \u00e9galement de mettre en place les conditions favorables pour que les jeunes africains puissent envisager leur avenir dans leurs pays sans avoir besoin d\u2019\u00e9migrer et ainsi \u00abMettre fin \u00e0 la traite des \u00eatres humains\u00bb, a-t-elle assur\u00e9.<\/p>\n\n\n\n<p>Pour sa part, le Pr\u00e9sident de l\u2019Union Africaine, Azali Assoumani, a indiqu\u00e9 que l\u2019Italie a apport\u00e9, durant les derni\u00e8res ann\u00e9es, un soutien efficient aux pays de l\u2019Afrique, en particulier lors de la pand\u00e9mie du \u00abCovid-19\u00bb, notant que \u00abRome fait partie des plus grands investisseurs en Afrique, avec un volume d\u2019investissements de 24 milliards d\u2019euros en 2018\u00bb.<\/p>\n\n\n\n<p>Le Pr\u00e9sident de la Commission de l\u2019Union Africaine, Moussa Faki Mahamat, a relev\u00e9, quant \u00e0 lui, que l\u2019Afrique est confront\u00e9e, plus que d\u2019autres continents, \u00e0 de nombreux d\u00e9fis en mati\u00e8re de niveau de vie, de s\u00e9curit\u00e9 et de climat, ajoutant que le \u00abPlan Mattei\u00bb constitue un mod\u00e8le \u00abEfficace\u00bb refl\u00e9tant la volont\u00e9 de l\u2019Europe d\u2019aider l\u2019Afrique de mani\u00e8re concr\u00e8te.&nbsp;<\/p>\n\n\n\n<p>Ce Sommet Italie-Afrique fait partie d\u2019un parcours entam\u00e9 par le gouvernement italien depuis sa prise de fonction \u00e0 travers de nombreuses rencontres bilat\u00e9rales, dont le moment central a \u00e9t\u00e9 la Conf\u00e9rence sur le D\u00e9veloppement et la Migration, qui a eu lieu \u00e0 Rome en juillet 2023 et qui a lanc\u00e9 le \u00abProcessus de Rome\u00bb. Cette dynamique se poursuivra avec la pr\u00e9sidence italienne du G7 en 2024, dont l\u2019Afrique sera l\u2019un des th\u00e8mes principaux.<\/p>\n\n\n\n<p><strong>Y. E. H.<\/strong><\/p>\n","protected":false},"excerpt":{"rendered":"<p>Le Sommet Italie-Afrique \u00abUn pont pour une croissance commune\u00bb s\u2019est ouvert hier \u00e0 Rome, avec la participation du Chef du gouvernement, Aziz Akhannouch, qui repr\u00e9sente S.M. le Roi Mohammed VI. Dans une allocution prononc\u00e9e \u00e0 l\u2019ouverture de ce Sommet, la Pr\u00e9sidente du Conseil italien des Ministres, Giorgia Meloni, a mis en exergue le grand potentiel &hellip;<\/p>\n","protected":false},"author":9,"featured_media":27125,"comment_status":"open","ping_status":"closed","sticky":false,"template":"","format":"standard","meta":{"footnotes":""},"categories":[118],"tags":[],"class_list":["post-27124","post","type-post","status-publish","format-standard","has-post-thumbnail","hentry","category-diplomatie"],"_links":{"self":[{"href":"https:\/\/letempsmag.ma\/index.php?rest_route=\/wp\/v2\/posts\/27124","targetHints":{"allow":["GET"]}}],"collection":[{"href":"https:\/\/letempsmag.ma\/index.php?rest_route=\/wp\/v2\/posts"}],"about":[{"href":"https:\/\/letempsmag.ma\/index.php?rest_route=\/wp\/v2\/types\/post"}],"author":[{"embeddable":true,"href":"https:\/\/letempsmag.ma\/index.php?rest_route=\/wp\/v2\/users\/9"}],"replies":[{"embeddable":true,"href":"https:\/\/letempsmag.ma\/index.php?rest_route=%2Fwp%2Fv2%2Fcomments&post=27124"}],"version-history":[{"count":1,"href":"https:\/\/letempsmag.ma\/index.php?rest_route=\/wp\/v2\/posts\/27124\/revisions"}],"predecessor-version":[{"id":27126,"href":"https:\/\/letempsmag.ma\/index.php?rest_route=\/wp\/v2\/posts\/27124\/revisions\/27126"}],"wp:featuredmedia":[{"embeddable":true,"href":"https:\/\/letempsmag.ma\/index.php?rest_route=\/wp\/v2\/media\/27125"}],"wp:attachment":[{"href":"https:\/\/letempsmag.ma\/index.php?rest_route=%2Fwp%2Fv2%2Fmedia&parent=27124"}],"wp:term":[{"taxonomy":"category","embeddable":true,"href":"https:\/\/letempsmag.ma\/index.php?rest_route=%2Fwp%2Fv2%2Fcategories&post=27124"},{"taxonomy":"post_tag","embeddable":true,"href":"https:\/\/letempsmag.ma\/index.php?rest_route=%2Fwp%2Fv2%2Ftags&post=27124"}],"curies":[{"name":"wp","href":"https:\/\/api.w.org\/{rel}","templated":true}]}}