{"id":27121,"date":"2024-01-30T11:03:36","date_gmt":"2024-01-30T10:03:36","guid":{"rendered":"https:\/\/letempsmag.ma\/?p=27121"},"modified":"2024-01-30T11:03:37","modified_gmt":"2024-01-30T10:03:37","slug":"societe-generale-maroc-partenaire-du-festival-du-livre-africain-de-marrakech","status":"publish","type":"post","link":"https:\/\/letempsmag.ma\/?p=27121","title":{"rendered":"Soci\u00e9t\u00e9 G\u00e9n\u00e9rale Maroc partenaire du Festival du Livre Africain de Marrakech"},"content":{"rendered":"\n<p>Soci\u00e9t\u00e9 G\u00e9n\u00e9rale Maroc poursuit son engagement en faveur de la promotion de la culture dans toutes ses dimensions en s\u2019associant \u00e0 la deuxi\u00e8me \u00e9dition du Festival du Livre Africain de Marrakech, pr\u00e9vue du 8 au 11 f\u00e9vrier prochain au Centre Culturel \u00abLes \u00c9toiles de Jama\u00e2 El-Fna\u00bb.<\/p>\n\n\n\n<p>En tant qu\u2019\u00e9v\u00e9nement culturel d\u2019envergure continentale, le Festival du Livre Africain de Marrakech r\u00e9unira un ensemble de talents litt\u00e9raires arabophones, francophones, lusophones et anglophones, tous issus du continent africain et provenant de 25 pays.<\/p>\n\n\n\n<p>En soutenant activement cette importante manifestation continentale, Soci\u00e9t\u00e9 G\u00e9n\u00e9rale Maroc contribue \u00e0 promouvoir la richesse culturelle africaine. Le partenariat favorisera la cr\u00e9ation d\u2019un espace de rencontres aussi bien pour le grand public que pour les professionnels de l\u2019\u00e9dition, offrant ainsi de nombreuses opportunit\u00e9s aux auteurs africains.<\/p>\n\n\n\n<p><strong>C. A.<\/strong><\/p>\n","protected":false},"excerpt":{"rendered":"<p>Soci\u00e9t\u00e9 G\u00e9n\u00e9rale Maroc poursuit son engagement en faveur de la promotion de la culture dans toutes ses dimensions en s\u2019associant \u00e0 la deuxi\u00e8me \u00e9dition du Festival du Livre Africain de Marrakech, pr\u00e9vue du 8 au 11 f\u00e9vrier prochain au Centre Culturel \u00abLes \u00c9toiles de Jama\u00e2 El-Fna\u00bb. En tant qu\u2019\u00e9v\u00e9nement culturel d\u2019envergure continentale, le Festival du &hellip;<\/p>\n","protected":false},"author":9,"featured_media":27122,"comment_status":"open","ping_status":"closed","sticky":false,"template":"","format":"standard","meta":{"footnotes":""},"categories":[51],"tags":[],"class_list":["post-27121","post","type-post","status-publish","format-standard","has-post-thumbnail","hentry","category-culture"],"_links":{"self":[{"href":"https:\/\/letempsmag.ma\/index.php?rest_route=\/wp\/v2\/posts\/27121","targetHints":{"allow":["GET"]}}],"collection":[{"href":"https:\/\/letempsmag.ma\/index.php?rest_route=\/wp\/v2\/posts"}],"about":[{"href":"https:\/\/letempsmag.ma\/index.php?rest_route=\/wp\/v2\/types\/post"}],"author":[{"embeddable":true,"href":"https:\/\/letempsmag.ma\/index.php?rest_route=\/wp\/v2\/users\/9"}],"replies":[{"embeddable":true,"href":"https:\/\/letempsmag.ma\/index.php?rest_route=%2Fwp%2Fv2%2Fcomments&post=27121"}],"version-history":[{"count":1,"href":"https:\/\/letempsmag.ma\/index.php?rest_route=\/wp\/v2\/posts\/27121\/revisions"}],"predecessor-version":[{"id":27123,"href":"https:\/\/letempsmag.ma\/index.php?rest_route=\/wp\/v2\/posts\/27121\/revisions\/27123"}],"wp:featuredmedia":[{"embeddable":true,"href":"https:\/\/letempsmag.ma\/index.php?rest_route=\/wp\/v2\/media\/27122"}],"wp:attachment":[{"href":"https:\/\/letempsmag.ma\/index.php?rest_route=%2Fwp%2Fv2%2Fmedia&parent=27121"}],"wp:term":[{"taxonomy":"category","embeddable":true,"href":"https:\/\/letempsmag.ma\/index.php?rest_route=%2Fwp%2Fv2%2Fcategories&post=27121"},{"taxonomy":"post_tag","embeddable":true,"href":"https:\/\/letempsmag.ma\/index.php?rest_route=%2Fwp%2Fv2%2Ftags&post=27121"}],"curies":[{"name":"wp","href":"https:\/\/api.w.org\/{rel}","templated":true}]}}