{"id":27118,"date":"2024-01-30T11:02:47","date_gmt":"2024-01-30T10:02:47","guid":{"rendered":"https:\/\/letempsmag.ma\/?p=27118"},"modified":"2024-01-30T11:02:48","modified_gmt":"2024-01-30T10:02:48","slug":"la-federation-congolaise-de-football-veut-porter-plainte-contre-le-maroc-au-tribunal-arbitral-du-sport","status":"publish","type":"post","link":"https:\/\/letempsmag.ma\/?p=27118","title":{"rendered":"La F\u00e9d\u00e9ration congolaise de football veut porter plainte contre le Maroc au Tribunal Arbitral du Sport"},"content":{"rendered":"\n<p>La F\u00e9d\u00e9ration congolaise de football a annonc\u00e9, dimanche dernier, qu&#8217;elle va porter plainte contre le Maroc suite \u00e0 l&#8217;annulation de la suspension du s\u00e9lectionneur national Walid Regragui. La tension persiste alors que la Commission d&#8217;appel de la Conf\u00e9d\u00e9ration Africaine de Football (CAF) a annul\u00e9 la suspension de deux matchs, inflig\u00e9e au coach des Lions de l\u2019Atlas, \u00e0 la suite d&#8217;une altercation avec le d\u00e9fenseur congolais Chancel Mbemba. La F\u00e9d\u00e9ration congolaise de football a r\u00e9agi en exprimant son \u00abindignation\u00bb suite \u00e0 cette volte-face, annon\u00e7ant \u00e9galement qu&#8217;elle porterait l&#8217;affaire devant le Tribunal Arbitral du Sport (TAS). Dans un communiqu\u00e9, la F\u00e9d\u00e9ration congolaise de football explique que \u00abLa F\u00e9d\u00e9ration Royale Marocaine de Football a interjet\u00e9 appel contre cette d\u00e9cision et, malgr\u00e9 les aveux circonstanci\u00e9s dudit entra\u00eeneur, confirm\u00e9s par les images qui ne laissent l&#8217;ombre d&#8217;aucun doute, la Commission d&#8217;appel a, contre toute attente, tout bonnement annul\u00e9 la d\u00e9cision en date du 26 janvier 2023\u00bb.<\/p>\n\n\n\n<p><strong>C. A.<\/strong><\/p>\n","protected":false},"excerpt":{"rendered":"<p>La F\u00e9d\u00e9ration congolaise de football a annonc\u00e9, dimanche dernier, qu&#8217;elle va porter plainte contre le Maroc suite \u00e0 l&#8217;annulation de la suspension du s\u00e9lectionneur national Walid Regragui. La tension persiste alors que la Commission d&#8217;appel de la Conf\u00e9d\u00e9ration Africaine de Football (CAF) a annul\u00e9 la suspension de deux matchs, inflig\u00e9e au coach des Lions de &hellip;<\/p>\n","protected":false},"author":9,"featured_media":27119,"comment_status":"open","ping_status":"closed","sticky":false,"template":"","format":"standard","meta":{"footnotes":""},"categories":[567],"tags":[],"class_list":["post-27118","post","type-post","status-publish","format-standard","has-post-thumbnail","hentry","category-can"],"_links":{"self":[{"href":"https:\/\/letempsmag.ma\/index.php?rest_route=\/wp\/v2\/posts\/27118","targetHints":{"allow":["GET"]}}],"collection":[{"href":"https:\/\/letempsmag.ma\/index.php?rest_route=\/wp\/v2\/posts"}],"about":[{"href":"https:\/\/letempsmag.ma\/index.php?rest_route=\/wp\/v2\/types\/post"}],"author":[{"embeddable":true,"href":"https:\/\/letempsmag.ma\/index.php?rest_route=\/wp\/v2\/users\/9"}],"replies":[{"embeddable":true,"href":"https:\/\/letempsmag.ma\/index.php?rest_route=%2Fwp%2Fv2%2Fcomments&post=27118"}],"version-history":[{"count":1,"href":"https:\/\/letempsmag.ma\/index.php?rest_route=\/wp\/v2\/posts\/27118\/revisions"}],"predecessor-version":[{"id":27120,"href":"https:\/\/letempsmag.ma\/index.php?rest_route=\/wp\/v2\/posts\/27118\/revisions\/27120"}],"wp:featuredmedia":[{"embeddable":true,"href":"https:\/\/letempsmag.ma\/index.php?rest_route=\/wp\/v2\/media\/27119"}],"wp:attachment":[{"href":"https:\/\/letempsmag.ma\/index.php?rest_route=%2Fwp%2Fv2%2Fmedia&parent=27118"}],"wp:term":[{"taxonomy":"category","embeddable":true,"href":"https:\/\/letempsmag.ma\/index.php?rest_route=%2Fwp%2Fv2%2Fcategories&post=27118"},{"taxonomy":"post_tag","embeddable":true,"href":"https:\/\/letempsmag.ma\/index.php?rest_route=%2Fwp%2Fv2%2Ftags&post=27118"}],"curies":[{"name":"wp","href":"https:\/\/api.w.org\/{rel}","templated":true}]}}