{"id":27115,"date":"2024-01-30T11:01:43","date_gmt":"2024-01-30T10:01:43","guid":{"rendered":"https:\/\/letempsmag.ma\/?p=27115"},"modified":"2024-01-31T10:55:30","modified_gmt":"2024-01-31T09:55:30","slug":"le-festival-international-du-cinema-danimation-de-meknes-annonce-la-couleur","status":"publish","type":"post","link":"https:\/\/letempsmag.ma\/?p=27115","title":{"rendered":"Le Festival International du Cin\u00e9ma d\u2019Animation de Mekn\u00e8s annonce la couleur"},"content":{"rendered":"\n<p>Le Festival International de Cin\u00e9ma d\u2019Animation de Mekn\u00e8s (FICAM) revient pour une \u00e9dition 2024 qui promet de faire le plein de nouveaut\u00e9s. Plac\u00e9 sous le haut Patronage de S.M. le Roi Mohammed VI et organis\u00e9 par la Fondation A\u00efcha en partenariat avec l\u2019Institut Fran\u00e7ais de Mekn\u00e8s, le FICAM se d\u00e9roulera du vendredi 10 au mercredi 15 mai prochain.<\/p>\n\n\n\n<p>La pr\u00e9c\u00e9dente \u00e9dition a laiss\u00e9 une empreinte ind\u00e9l\u00e9bile, mettant en lumi\u00e8re le film d&#8217;animation et les studios d&#8217;animation au Maroc. Port\u00e9e par ce succ\u00e8s, l&#8217;\u00e9quipe du FICAM continue de s&#8217;inscrire dans cette dynamique en rendant un hommage amplement m\u00e9rit\u00e9 \u00e0 Hamid Semlali, figure embl\u00e9matique du cin\u00e9ma d&#8217;animation marocain. Il compte aujourd\u2019hui \u00e0 son actif une dizaine de films d\u2019animation, entre autres \u00abLe pollueur\u00bb, \u00abMohammed 5\u00bb, \u00abBobo le sauveur\u00bb, \u00abBobo et le fromage\u00bb, \u00abL\u2019oiseau de l\u2019Atlas\u00bb&#8230; Hamid Semlali est \u00e9galement illustrateur de livres de jeunesse et a notamment collabor\u00e9 avec des auteurs comme Ahmed Abdessalam Bekkali, dont le nom r\u00e9sonne encore dans l\u2019histoire de la litt\u00e9rature jeunesse marocaine et arabe. Pr\u00e9curseur du genre au Maroc, Hamid Semlali a \u00e9galement marqu\u00e9 l&#8217;histoire de la publicit\u00e9 au Maroc avec la c\u00e9l\u00e8bre sardine dansant avec une rondelle de citron.<\/p>\n\n\n\n<p>Un second hommage sera rendu \u00e0 Bill Plypmton, l\u00e9gende vivante du cin\u00e9ma d&#8217;animation, dessinateur de presse et r\u00e9alisateur ind\u00e9pendant am\u00e9ricain. N\u00e9 \u00e0 Portland, il a int\u00e9gr\u00e9 la School of Visual Arts \u00e0 New York. Il a r\u00e9alis\u00e9, par la suite, plusieurs courts-m\u00e9trages \u00e0 succ\u00e8s, notamment \u00ab25 Ways to Quit Smoking\u00bb, \u00abPlymptoons\u00bb, \u00abGuard Dog\u00bb\u2026&nbsp; Il est \u00e9galement l\u2019auteur de plusieurs longs-m\u00e9trages, entre autres \u00abThe Tune\u00bb, \u00abMutants Aliens\u00bb, \u00abHair High\u00bb, \u00abIdiots and Angels\u00bb\u2026 Ami fid\u00e8le du FICAM depuis 2007, Bill Plympton sera pr\u00e9sent \u00e0 Mekn\u00e8s pour l\u2019occasion et d\u00e9voilera en exclusivit\u00e9 au Maroc \u00abDuel \u00e0 Monte Carlo Del Norte\u00bb, son nouveau long-m\u00e9trage qui participera \u00e0 la \u00abLong&#8217; Compet&#8217;\u00bb (comp\u00e9tition internationale du long-m\u00e9trage d&#8217;animation).<\/p>\n\n\n\n<p>La prochaine \u00e9dition du FICAM sera la 22<sup>\u00e8me<\/sup> de l\u2019\u00e9v\u00e9nement et consacrera notamment un Focus au cin\u00e9ma d&#8217;animation italien en partenariat avec l\u2019Institut Culturel Italien du Maroc. Une v\u00e9ritable immersion au c\u0153ur de la richesse cr\u00e9ative de la sc\u00e8ne italienne avec un panel d&#8217;artistes et de professionnels&nbsp;: Chiara Malta, Christian De Vita, Alessandro Rak\u2026 Les festivaliers auront l&#8217;opportunit\u00e9 de d\u00e9couvrir la diversit\u00e9 et la richesse artistique de l&#8217;animation italienne, confirmant ainsi, encore une fois, la dimension internationale du FICAM.<\/p>\n\n\n\n<p>Le Festival International du Cin\u00e9ma d&#8217;Animation de Mekn\u00e8s reste un lieu de rencontres et d&#8217;\u00e9merveillement, r\u00e9unissant passionn\u00e9s du cin\u00e9ma, professionnels de l&#8217;animation et grand public pour c\u00e9l\u00e9brer l&#8217;art de l&#8217;animation sous toutes ses formes. Le 3<sup>\u00e8me<\/sup> Forum des M\u00e9tiers de l&#8217;Animation sera un des moments forts de cette nouvelle \u00e9dition pour mettre en avant la production marocaine, arabe et africaine.<\/p>\n\n\n\n<p><strong>E. D.<\/strong><\/p>\n","protected":false},"excerpt":{"rendered":"<p>Le Festival International de Cin\u00e9ma d\u2019Animation de Mekn\u00e8s (FICAM) revient pour une \u00e9dition 2024 qui promet de faire le plein de nouveaut\u00e9s. Plac\u00e9 sous le haut Patronage de S.M. le Roi Mohammed VI et organis\u00e9 par la Fondation A\u00efcha en partenariat avec l\u2019Institut Fran\u00e7ais de Mekn\u00e8s, le FICAM se d\u00e9roulera du vendredi 10 au mercredi &hellip;<\/p>\n","protected":false},"author":9,"featured_media":27153,"comment_status":"open","ping_status":"closed","sticky":false,"template":"","format":"standard","meta":{"footnotes":""},"categories":[51],"tags":[],"class_list":["post-27115","post","type-post","status-publish","format-standard","has-post-thumbnail","hentry","category-culture"],"_links":{"self":[{"href":"https:\/\/letempsmag.ma\/index.php?rest_route=\/wp\/v2\/posts\/27115","targetHints":{"allow":["GET"]}}],"collection":[{"href":"https:\/\/letempsmag.ma\/index.php?rest_route=\/wp\/v2\/posts"}],"about":[{"href":"https:\/\/letempsmag.ma\/index.php?rest_route=\/wp\/v2\/types\/post"}],"author":[{"embeddable":true,"href":"https:\/\/letempsmag.ma\/index.php?rest_route=\/wp\/v2\/users\/9"}],"replies":[{"embeddable":true,"href":"https:\/\/letempsmag.ma\/index.php?rest_route=%2Fwp%2Fv2%2Fcomments&post=27115"}],"version-history":[{"count":1,"href":"https:\/\/letempsmag.ma\/index.php?rest_route=\/wp\/v2\/posts\/27115\/revisions"}],"predecessor-version":[{"id":27117,"href":"https:\/\/letempsmag.ma\/index.php?rest_route=\/wp\/v2\/posts\/27115\/revisions\/27117"}],"wp:featuredmedia":[{"embeddable":true,"href":"https:\/\/letempsmag.ma\/index.php?rest_route=\/wp\/v2\/media\/27153"}],"wp:attachment":[{"href":"https:\/\/letempsmag.ma\/index.php?rest_route=%2Fwp%2Fv2%2Fmedia&parent=27115"}],"wp:term":[{"taxonomy":"category","embeddable":true,"href":"https:\/\/letempsmag.ma\/index.php?rest_route=%2Fwp%2Fv2%2Fcategories&post=27115"},{"taxonomy":"post_tag","embeddable":true,"href":"https:\/\/letempsmag.ma\/index.php?rest_route=%2Fwp%2Fv2%2Ftags&post=27115"}],"curies":[{"name":"wp","href":"https:\/\/api.w.org\/{rel}","templated":true}]}}