{"id":27062,"date":"2024-01-26T11:13:43","date_gmt":"2024-01-26T10:13:43","guid":{"rendered":"https:\/\/letempsmag.ma\/?p=27062"},"modified":"2024-01-26T11:13:44","modified_gmt":"2024-01-26T10:13:44","slug":"entretiens-a-rabat-sur-lavancement-du-projet-de-gazoduc-nigeria-maroc","status":"publish","type":"post","link":"https:\/\/letempsmag.ma\/?p=27062","title":{"rendered":"Entretiens \u00e0 Rabat sur l\u2019avancement du projet de gazoduc Nig\u00e9ria-Maroc"},"content":{"rendered":"\n<p>Les progr\u00e8s significatifs r\u00e9alis\u00e9s dans l\u2019ex\u00e9cution du projet strat\u00e9gique Nig\u00e9ria-Maroc ainsi que les grands chantiers lanc\u00e9s dans le domaine \u00e9nerg\u00e9tique et du d\u00e9veloppement durable ont \u00e9t\u00e9 au centre d\u2019entretiens, mercredi dernier \u00e0 Rabat, entre la Ministre de la Transition \u00e9nerg\u00e9tique et du D\u00e9veloppement durable, Leila Benali, et le Ministre d\u2019\u00c9tat nig\u00e9rian charg\u00e9 des Ressources p\u00e9troli\u00e8res, Ekperikpe Ekpo, en visite de travail au Maroc cette semaine.<\/p>\n\n\n\n<p>Dans une d\u00e9claration \u00e0 la presse \u00e0 l\u2019issue de cette entrevue, Leila Benali a indiqu\u00e9 que la visite de travail du haut responsable nig\u00e9rian est une occasion pour examiner les diff\u00e9rents projets, plus particuli\u00e8rement celui du Gazoduc Nigeria-Maroc, rappelant que ces projets s\u2019inscrivent dans la dynamique positive insuffl\u00e9e aux relations bilat\u00e9rales par la visite de S.M. le Roi Mohammed VI au Nigeria en d\u00e9cembre 2016 ainsi que suite \u00e0 l\u2019entretien t\u00e9l\u00e9phonique que le Souverain a eu, cette semaine, avec le Pr\u00e9sident de la R\u00e9publique F\u00e9d\u00e9rale du Nigeria, Bola Ahmed Adekunle Tinubu.<\/p>\n\n\n\n<p>De son c\u00f4t\u00e9, le Ministre d\u2019\u00c9tat nig\u00e9rian charg\u00e9 des Ressources p\u00e9troli\u00e8res a indiqu\u00e9 que sa visite de deux jours au Maroc constitue une occasion pour les deux parties de se pencher sur le projet du gazoduc Nigeria-Maroc annonc\u00e9 en 2016 \u00e0 l\u2019occasion de la visite royale au Nigeria ainsi que de son \u00e9tat d\u2019avancement. \u00abAu vu de ce qui a \u00e9t\u00e9 r\u00e9alis\u00e9, le projet progresse\u00bb, a relev\u00e9 le haut responsable nig\u00e9rian, saluant par la m\u00eame occasion les efforts d\u00e9ploy\u00e9s par Maroc dans ce sens.<\/p>\n\n\n\n<p>Rappelons que le Maroc et le Nigeria entretiennent des relations de coop\u00e9ration et nouent des partenariats fructueux dans les domaines de la transition \u00e9nerg\u00e9tique et du d\u00e9veloppement durable, marqu\u00e9s par l\u2019\u00e9change d\u2019exp\u00e9riences et d\u2019expertise, le renforcement des capacit\u00e9s et le d\u00e9veloppement de projets \u00e0 la faveur de plusieurs conventions bilat\u00e9rales entr\u00e9es en vigueur dans les secteurs des \u00e9nergies renouvelables, des hydrocarbures, de la production des phosphates et des engrais.<\/p>\n\n\n\n<p>Consid\u00e9r\u00e9 comme l\u2019un des projets strat\u00e9giques lanc\u00e9s au niveau du continent africain, le Gazoduc Nigeria-Maroc est de nature \u00e0 enclencher un d\u00e9collage \u00e9conomique et \u00e0 favoriser l\u2019int\u00e9gration r\u00e9gionale. Ce gazoduc, qui longera la c\u00f4te ouest-africaine depuis le Nigeria, en parcourant 13 pays continent, permettra de connecter le march\u00e9 europ\u00e9en via l\u2019Espagne. D\u2019une longueur de plus de 5.700 km, le projet disposera d\u2019une capacit\u00e9 annuelle de 30 \u00e0 40 milliards de m\u00e8tres cubes et fournir environ 3 milliards de pieds cubes standard par jour de gaz. (Photo&nbsp;: SNRT).<\/p>\n\n\n\n<p><strong>C. A.<\/strong><\/p>\n","protected":false},"excerpt":{"rendered":"<p>Les progr\u00e8s significatifs r\u00e9alis\u00e9s dans l\u2019ex\u00e9cution du projet strat\u00e9gique Nig\u00e9ria-Maroc ainsi que les grands chantiers lanc\u00e9s dans le domaine \u00e9nerg\u00e9tique et du d\u00e9veloppement durable ont \u00e9t\u00e9 au centre d\u2019entretiens, mercredi dernier \u00e0 Rabat, entre la Ministre de la Transition \u00e9nerg\u00e9tique et du D\u00e9veloppement durable, Leila Benali, et le Ministre d\u2019\u00c9tat nig\u00e9rian charg\u00e9 des Ressources p\u00e9troli\u00e8res, &hellip;<\/p>\n","protected":false},"author":9,"featured_media":27063,"comment_status":"open","ping_status":"closed","sticky":false,"template":"","format":"standard","meta":{"footnotes":""},"categories":[78],"tags":[],"class_list":["post-27062","post","type-post","status-publish","format-standard","has-post-thumbnail","hentry","category-energie"],"_links":{"self":[{"href":"https:\/\/letempsmag.ma\/index.php?rest_route=\/wp\/v2\/posts\/27062","targetHints":{"allow":["GET"]}}],"collection":[{"href":"https:\/\/letempsmag.ma\/index.php?rest_route=\/wp\/v2\/posts"}],"about":[{"href":"https:\/\/letempsmag.ma\/index.php?rest_route=\/wp\/v2\/types\/post"}],"author":[{"embeddable":true,"href":"https:\/\/letempsmag.ma\/index.php?rest_route=\/wp\/v2\/users\/9"}],"replies":[{"embeddable":true,"href":"https:\/\/letempsmag.ma\/index.php?rest_route=%2Fwp%2Fv2%2Fcomments&post=27062"}],"version-history":[{"count":1,"href":"https:\/\/letempsmag.ma\/index.php?rest_route=\/wp\/v2\/posts\/27062\/revisions"}],"predecessor-version":[{"id":27064,"href":"https:\/\/letempsmag.ma\/index.php?rest_route=\/wp\/v2\/posts\/27062\/revisions\/27064"}],"wp:featuredmedia":[{"embeddable":true,"href":"https:\/\/letempsmag.ma\/index.php?rest_route=\/wp\/v2\/media\/27063"}],"wp:attachment":[{"href":"https:\/\/letempsmag.ma\/index.php?rest_route=%2Fwp%2Fv2%2Fmedia&parent=27062"}],"wp:term":[{"taxonomy":"category","embeddable":true,"href":"https:\/\/letempsmag.ma\/index.php?rest_route=%2Fwp%2Fv2%2Fcategories&post=27062"},{"taxonomy":"post_tag","embeddable":true,"href":"https:\/\/letempsmag.ma\/index.php?rest_route=%2Fwp%2Fv2%2Ftags&post=27062"}],"curies":[{"name":"wp","href":"https:\/\/api.w.org\/{rel}","templated":true}]}}