{"id":27058,"date":"2024-01-25T10:58:35","date_gmt":"2024-01-25T09:58:35","guid":{"rendered":"https:\/\/letempsmag.ma\/?p=27058"},"modified":"2024-01-25T10:58:36","modified_gmt":"2024-01-25T09:58:36","slug":"avec-des-lions-des-grands-jours-le-maroc-file-en-8emes-de-finale","status":"publish","type":"post","link":"https:\/\/letempsmag.ma\/?p=27058","title":{"rendered":"Avec des Lions des grands jours, le Maroc file en 8\u00e8mes de finale"},"content":{"rendered":"\n<p>La s\u00e9lection marocaine de football s\u2019est qualifi\u00e9e en huiti\u00e8mes de finale de la CAN (C\u00f4te d&#8217;Ivoire 2023), en tant que premi\u00e8re du groupe \u00abF\u00bb pour h\u00e9riter de l\u2019Afrique du Sud, au terme de sa victoire contre la Zambie (1-0), hier au stade Laurent Pokou \u00e0 San Pedro, pour le compte de la 3<sup>\u00e8me<\/sup> et derni\u00e8re journ\u00e9e de la phase de poules. D\u00e9j\u00e0 assur\u00e9s d\u2019une qualification, au moins en tant que l\u2019un des quatre meilleurs troisi\u00e8mes, les Lions de l\u2019Atlas avaient pour enjeu de terminer leaders de leur groupe, pour ne pas avoir, lors de leur prochain match, \u00e0 changer une ville avec laquelle ils se sont acclimat\u00e9s.<\/p>\n\n\n\n<p>En 8<sup>\u00e8mes<\/sup> de finale, le Maroc affrontera l&#8217;Afrique du Sud, 2<sup>\u00e8me<\/sup> du groupe \u00abE\u00bb, mardi prochain (21h GMT+1), au stade Laurent Pokou \u00e0 San Pedro, tandis que la RD Congo sera oppos\u00e9e \u00e0 l&#8217;\u00c9gypte, 2<sup>\u00e8me<\/sup> du groupe \u00abB\u00bb, dimanche prochain (21h GMT+1).<\/p>\n\n\n\n<p>Rappelons que le Onze national a entam\u00e9 son matche hier sans son coach Walid Regragui, suspendu quatre matches, dont deux en sursis, suite aux \u00e9chauffour\u00e9es survenues \u00e0 l&#8217;issue de la rencontre contre la RD Congo (1-1). C\u2019est l\u2019entra\u00eeneur assistant, Rachid Benmahmoud, qui assure l&#8217;int\u00e9rim.<\/p>\n\n\n\n<p>Lors de cette troisi\u00e8me et derni\u00e8re journ\u00e9e de la phase de poules, plusieurs joueurs se sont distingu\u00e9s, \u00e0 commencer par Hakim Zyech, imp\u00e9rial de bout en bout, auteur du but marocain et porteur du brassard de capitaine en l\u2019absence de Romain Sa\u00efss, mis au repos par Walid Regragui. Mais d\u2019autres Lions de l\u2019Atlas \u00e9taient en app\u00e9tit face \u00e0 la Zambie, en particulier Achraf Hakimi, Sofiane Boufal, Azzedine Ounahi et Yayha Attiat-Allah. On a regrett\u00e9 l\u2019absence de Youssef En-Nesyri dont la fougue et la taille font souvent la diff\u00e9rence dans la surface de r\u00e9paration.<\/p>\n\n\n\n<p><strong>M. E.<\/strong><\/p>\n","protected":false},"excerpt":{"rendered":"<p>La s\u00e9lection marocaine de football s\u2019est qualifi\u00e9e en huiti\u00e8mes de finale de la CAN (C\u00f4te d&#8217;Ivoire 2023), en tant que premi\u00e8re du groupe \u00abF\u00bb pour h\u00e9riter de l\u2019Afrique du Sud, au terme de sa victoire contre la Zambie (1-0), hier au stade Laurent Pokou \u00e0 San Pedro, pour le compte de la 3\u00e8me et derni\u00e8re &hellip;<\/p>\n","protected":false},"author":9,"featured_media":27059,"comment_status":"open","ping_status":"closed","sticky":false,"template":"","format":"standard","meta":{"footnotes":""},"categories":[567],"tags":[],"class_list":["post-27058","post","type-post","status-publish","format-standard","has-post-thumbnail","hentry","category-can"],"_links":{"self":[{"href":"https:\/\/letempsmag.ma\/index.php?rest_route=\/wp\/v2\/posts\/27058","targetHints":{"allow":["GET"]}}],"collection":[{"href":"https:\/\/letempsmag.ma\/index.php?rest_route=\/wp\/v2\/posts"}],"about":[{"href":"https:\/\/letempsmag.ma\/index.php?rest_route=\/wp\/v2\/types\/post"}],"author":[{"embeddable":true,"href":"https:\/\/letempsmag.ma\/index.php?rest_route=\/wp\/v2\/users\/9"}],"replies":[{"embeddable":true,"href":"https:\/\/letempsmag.ma\/index.php?rest_route=%2Fwp%2Fv2%2Fcomments&post=27058"}],"version-history":[{"count":1,"href":"https:\/\/letempsmag.ma\/index.php?rest_route=\/wp\/v2\/posts\/27058\/revisions"}],"predecessor-version":[{"id":27060,"href":"https:\/\/letempsmag.ma\/index.php?rest_route=\/wp\/v2\/posts\/27058\/revisions\/27060"}],"wp:featuredmedia":[{"embeddable":true,"href":"https:\/\/letempsmag.ma\/index.php?rest_route=\/wp\/v2\/media\/27059"}],"wp:attachment":[{"href":"https:\/\/letempsmag.ma\/index.php?rest_route=%2Fwp%2Fv2%2Fmedia&parent=27058"}],"wp:term":[{"taxonomy":"category","embeddable":true,"href":"https:\/\/letempsmag.ma\/index.php?rest_route=%2Fwp%2Fv2%2Fcategories&post=27058"},{"taxonomy":"post_tag","embeddable":true,"href":"https:\/\/letempsmag.ma\/index.php?rest_route=%2Fwp%2Fv2%2Ftags&post=27058"}],"curies":[{"name":"wp","href":"https:\/\/api.w.org\/{rel}","templated":true}]}}