{"id":27043,"date":"2024-01-25T10:55:19","date_gmt":"2024-01-25T09:55:19","guid":{"rendered":"https:\/\/letempsmag.ma\/?p=27043"},"modified":"2024-01-25T10:55:20","modified_gmt":"2024-01-25T09:55:20","slug":"tibu-africa-et-sidi-ali-reconduisent-leur-engagement-en-faveur-des-jeunes-filles","status":"publish","type":"post","link":"https:\/\/letempsmag.ma\/?p=27043","title":{"rendered":"TIBU Africa et Sidi Ali reconduisent leur engagement en faveur des jeunes filles"},"content":{"rendered":"\n<p>\u00c0 l\u2019occasion de la Journ\u00e9e Internationale l\u2019\u00c9ducation et de la Journ\u00e9e Internationale du Sport F\u00e9minin, les Eaux Min\u00e9rales d\u2019Oulm\u00e8s, \u00e0 travers la marque \u00abSidi Ali\u00bb, et l\u2019Association TIBU Africa ont sign\u00e9 une convention de renouvellement et d\u2019extension pour le d\u00e9veloppement des centres d&#8217;\u00e9ducation et d&#8217;\u00e9mancipation des jeunes filles adolescentes par le football. L\u2019\u00e9v\u00e9nement s\u2019est d\u00e9roul\u00e9 en pr\u00e9sence de Laurence Fischer, Fondatrice de l\u2019ONG Fight for Dignity et ancienne Ambassadrice pour le Sport au minist\u00e8re fran\u00e7ais de l\u2019Europe et des Affaires \u00e9trang\u00e8res; Salma Hamdouch, Directrice Marketing et Communication de la soci\u00e9t\u00e9 Les Eaux Min\u00e9rales d\u2019Oulm\u00e8s; et Mohamed Amine Zariat, Pr\u00e9sident fondateur de TIBU Africa.<\/p>\n\n\n\n<p>La signature de partenariat vise \u00e0 p\u00e9renniser les centres Sidi Ali-TIBU d\u2019\u00e9mancipation des jeunes filles par le football d\u00e9j\u00e0 en activit\u00e9, et \u00e0 en ouvrir de nouveaux dans des r\u00e9gions rurales et urbaines, suite aux r\u00e9sultats concrets enregistr\u00e9s depuis 2020.<\/p>\n\n\n\n<p>En partenariat avec le minist\u00e8re de l\u2019\u00c9ducation nationale, du Pr\u00e9scolaire et des Sports, ainsi que d\u2019autres acteurs de l\u2019\u00e9cosyst\u00e8me tels que l\u2019Initiative Nationale pour le D\u00e9veloppement Humain (INDH) et le Fonds des Nations-Unies pour la Population (UNFPA), ces centres destin\u00e9s aux \u00e9l\u00e8ves des \u00e9coles publiques, contribuent \u00e0 l\u2019impulsion des g\u00e9n\u00e9rations f\u00e9minines montantes \u00e0 travers le football et cr\u00e9ent une dynamique positive au sein des \u00e9coles,&nbsp; tout en mobilisant les animateurs de TIBU, les b\u00e9n\u00e9voles et les talents de l\u2019entreprise Les Eaux Min\u00e9rales d\u2019Oulm\u00e8s et le corps administratif et professoral des \u00e9tablissements de l\u2019\u00e9ducation nationale.<\/p>\n\n\n\n<p>\u00abNous sommes fiers du travail accompli dans les centres Sidi Ali-TIBU et des r\u00e9sultats concrets observ\u00e9s sur les milliers de jeunes filles b\u00e9n\u00e9ficiaires, qui nous ont valu une reconnaissance internationale au \u00abGlobal Peace and Sport Awards\u00bb. Nous voulons maintenant mettre \u00e0 profit l\u2019exp\u00e9rience que nous avons accumul\u00e9e ces derni\u00e8res ann\u00e9es pour encourager des acteurs du secteur priv\u00e9 \u00e0 dupliquer notre formule que nous mettons \u00e0 disposition dans la nouvelle plateforme digitale \u00ab#Strong Girls Strong World\u00bb. Sidi Ali va bien entendu continuer \u00e0 d\u00e9velopper son ancrage r\u00e9gional avec notamment l\u2019ouverture de trois nouveaux centres en 2024 ainsi qu\u2019une caravane rurale\u00bb, d\u00e9clare Salma Hamdouch, Directrice Marketing et Communication de la soci\u00e9t\u00e9 Les Eaux Min\u00e9rales d\u2019Oulm\u00e8s.<\/p>\n\n\n\n<p>Pour sa part, Mohamed Amine Zariat confie&nbsp;: \u00abC&#8217;est avec une immense fiert\u00e9 que nous proc\u00e9dons \u00e0 la signature de ce partenariat qui repr\u00e9sente un engagement fort envers l\u2019\u00e9ducation et l&#8217;autonomisation des filles dans le sport \u00e0 travers le monde. Nous croyons fermement que chaque fille m\u00e9rite la chance de lib\u00e9rer et r\u00e9aliser son plein potentiel, et ces centres sont un outil essentiel dans la r\u00e9alisation de cet objectif. Nous exprimons nos sinc\u00e8res remerciements \u00e0 notre partenaire Sidi Ali pour son soutien et engagement in\u00e9branlable. Notre collaboration fait une r\u00e9elle diff\u00e9rence dans la vie de nombreuses filles issues des zones rurales et urbaines du Maroc, et nous sommes convaincus que ce partenariat continuera de porter des fruits et d\u2019ouvrir de nouvelles opportunit\u00e9s pour les jeunes filles qui m\u00e9ritent d&#8217;avoir leur place dans le monde du sport\u00bb.<\/p>\n","protected":false},"excerpt":{"rendered":"<p>\u00c0 l\u2019occasion de la Journ\u00e9e Internationale l\u2019\u00c9ducation et de la Journ\u00e9e Internationale du Sport F\u00e9minin, les Eaux Min\u00e9rales d\u2019Oulm\u00e8s, \u00e0 travers la marque \u00abSidi Ali\u00bb, et l\u2019Association TIBU Africa ont sign\u00e9 une convention de renouvellement et d\u2019extension pour le d\u00e9veloppement des centres d&#8217;\u00e9ducation et d&#8217;\u00e9mancipation des jeunes filles adolescentes par le football. L\u2019\u00e9v\u00e9nement s\u2019est d\u00e9roul\u00e9 &hellip;<\/p>\n","protected":false},"author":9,"featured_media":27044,"comment_status":"open","ping_status":"closed","sticky":false,"template":"","format":"standard","meta":{"footnotes":""},"categories":[111],"tags":[],"class_list":["post-27043","post","type-post","status-publish","format-standard","has-post-thumbnail","hentry","category-inclusion-par-le-sport"],"_links":{"self":[{"href":"https:\/\/letempsmag.ma\/index.php?rest_route=\/wp\/v2\/posts\/27043","targetHints":{"allow":["GET"]}}],"collection":[{"href":"https:\/\/letempsmag.ma\/index.php?rest_route=\/wp\/v2\/posts"}],"about":[{"href":"https:\/\/letempsmag.ma\/index.php?rest_route=\/wp\/v2\/types\/post"}],"author":[{"embeddable":true,"href":"https:\/\/letempsmag.ma\/index.php?rest_route=\/wp\/v2\/users\/9"}],"replies":[{"embeddable":true,"href":"https:\/\/letempsmag.ma\/index.php?rest_route=%2Fwp%2Fv2%2Fcomments&post=27043"}],"version-history":[{"count":1,"href":"https:\/\/letempsmag.ma\/index.php?rest_route=\/wp\/v2\/posts\/27043\/revisions"}],"predecessor-version":[{"id":27045,"href":"https:\/\/letempsmag.ma\/index.php?rest_route=\/wp\/v2\/posts\/27043\/revisions\/27045"}],"wp:featuredmedia":[{"embeddable":true,"href":"https:\/\/letempsmag.ma\/index.php?rest_route=\/wp\/v2\/media\/27044"}],"wp:attachment":[{"href":"https:\/\/letempsmag.ma\/index.php?rest_route=%2Fwp%2Fv2%2Fmedia&parent=27043"}],"wp:term":[{"taxonomy":"category","embeddable":true,"href":"https:\/\/letempsmag.ma\/index.php?rest_route=%2Fwp%2Fv2%2Fcategories&post=27043"},{"taxonomy":"post_tag","embeddable":true,"href":"https:\/\/letempsmag.ma\/index.php?rest_route=%2Fwp%2Fv2%2Ftags&post=27043"}],"curies":[{"name":"wp","href":"https:\/\/api.w.org\/{rel}","templated":true}]}}