{"id":27035,"date":"2024-01-24T10:49:13","date_gmt":"2024-01-24T09:49:13","guid":{"rendered":"https:\/\/letempsmag.ma\/?p=27035"},"modified":"2024-01-24T10:49:13","modified_gmt":"2024-01-24T09:49:13","slug":"la-presse-sportive-denonce-laccreditation-par-la-caf-des-youtubeurs-et-influenceurs","status":"publish","type":"post","link":"https:\/\/letempsmag.ma\/?p=27035","title":{"rendered":"La presse sportive d\u00e9nonce l&#8217;accr\u00e9ditation par la CAF des Youtubeurs et influenceurs"},"content":{"rendered":"\n<p>L&#8217;Association Internationale de la Presse Sportive (AIPS, section Afrique) a publi\u00e9 hier un communiqu\u00e9 exprimant son \u00e9tonnement et sa d\u00e9sapprobation quant \u00e0 l&#8217;accr\u00e9ditation accord\u00e9e par la Conf\u00e9d\u00e9ration Africaine de Football (CAF) \u00e0 des personnes \u00e9trang\u00e8res \u00e0 la corporation journalistique, dans le cadre de la 34<sup>\u00e8me<\/sup> \u00e9dition de la Coupe d&#8217;Afrique des Nations qui se d\u00e9roule en C\u00f4te d&#8217;Ivoire depuis le 13 janvier jusqu\u2019au 11 f\u00e9vrier prochain.<\/p>\n\n\n\n<p>L&#8217;AIPS Afrique, que pr\u00e9side le S\u00e9n\u00e9galais Abdoulaye Thiam, rappelle \u00e0 la CAF et au Comit\u00e9 d&#8217;Organisation Local (COL) que \u00abl&#8217;accr\u00e9ditation presse est exclusivement r\u00e9serv\u00e9e aux journalistes professionnels clairement identifi\u00e9s et affili\u00e9s \u00e0 un m\u00e9dia, ainsi qu&#8217;aux journalistes free lances\u00bb. Sont exclus de cette cat\u00e9gorie l\u2019ensemble des individus qui ne respectent pas le code de d\u00e9ontologie du journalisme&nbsp;: youtubeurs, influenceurs, facebookeurs, publicistes et autres lobbyistes. Une cat\u00e9gorie d\u2019individus qui sont \u00abEn g\u00e9n\u00e9ral \u00e0 la recherche du buzz, l\u00e0 o\u00f9 les journalistes professionnels font de l\u2019information\u00bb, souligne l&#8217;AIPS Afrique dans un communiqu\u00e9 re\u00e7u hier par le Bureau de la MAP \u00e0 Dakar.<\/p>\n\n\n\n<p>La confusion entre ces \u00abintrus\u00bb et les journalistes professionnels a cr\u00e9\u00e9 des probl\u00e8mes lors des conf\u00e9rences de presse, car ces personnes cherchent g\u00e9n\u00e9ralement le buzz plut\u00f4t que de fournir une information de qualit\u00e9. L&#8217;AIPS Afrique estime qu&#8217;\u00abIl est inacceptable que des personnes \u00e9trang\u00e8res \u00e0 la profession puissent acc\u00e9der aux m\u00eames zones de travail (Media Center, Zone Mixte, Tribune de presse, stades d&#8217;entra\u00eenement, etc) que les journalistes professionnels\u00bb, rendant de ce fait difficile, et par endroits, l\u2019exercice de la profession.<\/p>\n\n\n\n<p>\u00abPar cons\u00e9quent, loin de s\u2019immiscer dans la gestion de la CAN, une propri\u00e9t\u00e9 de la CAF, l&#8217;AIPS Afrique invite l&#8217;instance panafricaine \u00e0 garantir les meilleures conditions de travail aux journalistes professionnels accr\u00e9dit\u00e9s pour le tournoi. Cela passe par le respect des journalistes et de leur m\u00e9tier, ainsi que des relations qu&#8217;ils entretiennent avec les acteurs de la comp\u00e9tition\u00bb, indique le communiqu\u00e9.<\/p>\n","protected":false},"excerpt":{"rendered":"<p>L&#8217;Association Internationale de la Presse Sportive (AIPS, section Afrique) a publi\u00e9 hier un communiqu\u00e9 exprimant son \u00e9tonnement et sa d\u00e9sapprobation quant \u00e0 l&#8217;accr\u00e9ditation accord\u00e9e par la Conf\u00e9d\u00e9ration Africaine de Football (CAF) \u00e0 des personnes \u00e9trang\u00e8res \u00e0 la corporation journalistique, dans le cadre de la 34\u00e8me \u00e9dition de la Coupe d&#8217;Afrique des Nations qui se d\u00e9roule &hellip;<\/p>\n","protected":false},"author":9,"featured_media":27036,"comment_status":"open","ping_status":"closed","sticky":false,"template":"","format":"standard","meta":{"footnotes":""},"categories":[567],"tags":[],"class_list":["post-27035","post","type-post","status-publish","format-standard","has-post-thumbnail","hentry","category-can"],"_links":{"self":[{"href":"https:\/\/letempsmag.ma\/index.php?rest_route=\/wp\/v2\/posts\/27035","targetHints":{"allow":["GET"]}}],"collection":[{"href":"https:\/\/letempsmag.ma\/index.php?rest_route=\/wp\/v2\/posts"}],"about":[{"href":"https:\/\/letempsmag.ma\/index.php?rest_route=\/wp\/v2\/types\/post"}],"author":[{"embeddable":true,"href":"https:\/\/letempsmag.ma\/index.php?rest_route=\/wp\/v2\/users\/9"}],"replies":[{"embeddable":true,"href":"https:\/\/letempsmag.ma\/index.php?rest_route=%2Fwp%2Fv2%2Fcomments&post=27035"}],"version-history":[{"count":1,"href":"https:\/\/letempsmag.ma\/index.php?rest_route=\/wp\/v2\/posts\/27035\/revisions"}],"predecessor-version":[{"id":27037,"href":"https:\/\/letempsmag.ma\/index.php?rest_route=\/wp\/v2\/posts\/27035\/revisions\/27037"}],"wp:featuredmedia":[{"embeddable":true,"href":"https:\/\/letempsmag.ma\/index.php?rest_route=\/wp\/v2\/media\/27036"}],"wp:attachment":[{"href":"https:\/\/letempsmag.ma\/index.php?rest_route=%2Fwp%2Fv2%2Fmedia&parent=27035"}],"wp:term":[{"taxonomy":"category","embeddable":true,"href":"https:\/\/letempsmag.ma\/index.php?rest_route=%2Fwp%2Fv2%2Fcategories&post=27035"},{"taxonomy":"post_tag","embeddable":true,"href":"https:\/\/letempsmag.ma\/index.php?rest_route=%2Fwp%2Fv2%2Ftags&post=27035"}],"curies":[{"name":"wp","href":"https:\/\/api.w.org\/{rel}","templated":true}]}}