{"id":27029,"date":"2024-01-24T10:43:30","date_gmt":"2024-01-24T09:43:30","guid":{"rendered":"https:\/\/letempsmag.ma\/?p=27029"},"modified":"2024-01-24T10:55:20","modified_gmt":"2024-01-24T09:55:20","slug":"noury-saladin-elu-hotelier-de-lannee-2023","status":"publish","type":"post","link":"https:\/\/letempsmag.ma\/?p=27029","title":{"rendered":"Noury Saladin \u00e9lu H\u00f4telier de l&#8217;Ann\u00e9e 2023"},"content":{"rendered":"\n<p>Noury Saladin, Directeur G\u00e9n\u00e9ral du M\u00f6venpick Mansour Eddahbi et du Palais des Congr\u00e8s Marrakech, a \u00e9t\u00e9 \u00e9lu H\u00f4telier de l&#8217;Ann\u00e9e lors de la premi\u00e8re \u00e9dition des \u00abMorocco Tourism Awards\u00bb, organis\u00e9e par le site \u00abTourismaPost\u00bb le 16 janvier \u00e0 Rabat.<\/p>\n\n\n\n<p>Dipl\u00f4m\u00e9 de l\u2019\u00e9cole h\u00f4teli\u00e8re de Paris Jean Drouant, Noury Saladin a d\u00e9marr\u00e9 sa carri\u00e8re professionnelle au Maroc en 2004. Apr\u00e8s plusieurs riches exp\u00e9riences dans l\u2019h\u00f4tellerie, notamment \u00e0 la t\u00eate du Sofitel Tamuda Bay, il a int\u00e9gr\u00e9 en 2020 la Direction G\u00e9n\u00e9rale du M\u00f6venpick Marrakech et Palais des Congr\u00e8s. Un \u00e9tablissement de renom o\u00f9 il a mis toute son exp\u00e9rience au service de cette unit\u00e9\u0301 redevenue, sous sa houlette, l\u2019un des joyaux de la ville ocre et une v\u00e9ritable escale lifestyle.<\/p>\n\n\n\n<p>Les \u00abMorocco Tourism Awards\u00bb ont \u00e9t\u00e9 lanc\u00e9s pour honorer l&#8217;excellence dans l&#8217;industrie du tourisme marocain. Les nomin\u00e9s ont \u00e9t\u00e9 s\u00e9lectionn\u00e9s \u00e0 travers un processus de vote impliquant des journalistes et des patrons de presse de m\u00e9dias nationaux. Cette approche a \u00e9t\u00e9 d\u00e9lib\u00e9r\u00e9ment adopt\u00e9e pour assurer une impartialit\u00e9 totale et un regard critique sur le secteur.<\/p>\n\n\n\n<p>La nomination de Noury Saladin \u00e0 ces prestigieux \u00abAwards\u00bb est une reconnaissance par ses pairs et par les m\u00e9dias nationaux de son d\u00e9vouement exceptionnel envers l&#8217;industrie h\u00f4teli\u00e8re et de son savoir-faire.<\/p>\n","protected":false},"excerpt":{"rendered":"<p>Noury Saladin, Directeur G\u00e9n\u00e9ral du M\u00f6venpick Mansour Eddahbi et du Palais des Congr\u00e8s Marrakech, a \u00e9t\u00e9 \u00e9lu H\u00f4telier de l&#8217;Ann\u00e9e lors de la premi\u00e8re \u00e9dition des \u00abMorocco Tourism Awards\u00bb, organis\u00e9e par le site \u00abTourismaPost\u00bb le 16 janvier \u00e0 Rabat. Dipl\u00f4m\u00e9 de l\u2019\u00e9cole h\u00f4teli\u00e8re de Paris Jean Drouant, Noury Saladin a d\u00e9marr\u00e9 sa carri\u00e8re professionnelle au &hellip;<\/p>\n","protected":false},"author":9,"featured_media":27041,"comment_status":"open","ping_status":"closed","sticky":false,"template":"","format":"standard","meta":{"footnotes":""},"categories":[1231],"tags":[],"class_list":["post-27029","post","type-post","status-publish","format-standard","has-post-thumbnail","hentry","category-morocco-tourism-awards"],"_links":{"self":[{"href":"https:\/\/letempsmag.ma\/index.php?rest_route=\/wp\/v2\/posts\/27029","targetHints":{"allow":["GET"]}}],"collection":[{"href":"https:\/\/letempsmag.ma\/index.php?rest_route=\/wp\/v2\/posts"}],"about":[{"href":"https:\/\/letempsmag.ma\/index.php?rest_route=\/wp\/v2\/types\/post"}],"author":[{"embeddable":true,"href":"https:\/\/letempsmag.ma\/index.php?rest_route=\/wp\/v2\/users\/9"}],"replies":[{"embeddable":true,"href":"https:\/\/letempsmag.ma\/index.php?rest_route=%2Fwp%2Fv2%2Fcomments&post=27029"}],"version-history":[{"count":1,"href":"https:\/\/letempsmag.ma\/index.php?rest_route=\/wp\/v2\/posts\/27029\/revisions"}],"predecessor-version":[{"id":27031,"href":"https:\/\/letempsmag.ma\/index.php?rest_route=\/wp\/v2\/posts\/27029\/revisions\/27031"}],"wp:featuredmedia":[{"embeddable":true,"href":"https:\/\/letempsmag.ma\/index.php?rest_route=\/wp\/v2\/media\/27041"}],"wp:attachment":[{"href":"https:\/\/letempsmag.ma\/index.php?rest_route=%2Fwp%2Fv2%2Fmedia&parent=27029"}],"wp:term":[{"taxonomy":"category","embeddable":true,"href":"https:\/\/letempsmag.ma\/index.php?rest_route=%2Fwp%2Fv2%2Fcategories&post=27029"},{"taxonomy":"post_tag","embeddable":true,"href":"https:\/\/letempsmag.ma\/index.php?rest_route=%2Fwp%2Fv2%2Ftags&post=27029"}],"curies":[{"name":"wp","href":"https:\/\/api.w.org\/{rel}","templated":true}]}}