{"id":26961,"date":"2024-01-20T11:40:44","date_gmt":"2024-01-20T10:40:44","guid":{"rendered":"https:\/\/letempsmag.ma\/?p=26961"},"modified":"2024-01-20T11:40:45","modified_gmt":"2024-01-20T10:40:45","slug":"lpa-cgr-avocats-confirme-ses-ambitions-dans-le-droit-des-affaires-en-afrique","status":"publish","type":"post","link":"https:\/\/letempsmag.ma\/?p=26961","title":{"rendered":"LPA-CGR Avocats confirme ses ambitions dans le Droit des affaires en Afrique"},"content":{"rendered":"\n<p>Quelques semaines seulement apr\u00e8s l&#8217;int\u00e9gration de C\u00e9dric Maheo, \u00e9conomiste sp\u00e9cialis\u00e9 en prix de transfert, au sein du Bureau de Casablanca, le cabinet LPA-CGR Avocats annonce l&#8217;arriv\u00e9e de Pierre Marly (photo) et de son \u00e9quipe, experts en Droit des Affaires en Afrique.<\/p>\n\n\n\n<p>Cette expansion strat\u00e9gique, co\u00efncidant avec la c\u00e9l\u00e9bration du 40<sup>\u00e8me<\/sup> anniversaire du cabinet, marque une \u00e9tape d\u00e9cisive dans la trajectoire de LPA-CGR Avocats. Elle r\u00e9affirme sa volont\u00e9 de croissance et de renforcement de ses comp\u00e9tences \u00e0 l\u2019international et sur ses secteurs strat\u00e9giques.<\/p>\n\n\n\n<p>Pionnier depuis plusieurs d\u00e9cennies dans sa strat\u00e9gie d\u2019implantation \u00e0 l\u2019international, le cabinet confirme son ambition pour ses activit\u00e9s en Afrique avec l\u2019arriv\u00e9e de Pierre Marly et de son \u00e9quipe de cinq avocats&nbsp;: deux Counsels (S\u00e9bastien Thouvenot et Nicolas Lef\u00e8vre) ainsi que trois collaborateurs (Claudette Feutheu, Adji Marieme Dieng et A\u00efssa Ndiaye).<\/p>\n\n\n\n<p>Le cabinet LPA-CGR Avocats se distingue non seulement par sa compr\u00e9hension approfondie du paysage juridique africain, mais aussi par son engagement r\u00e9solu envers le d\u00e9veloppement et le succ\u00e8s des clients. Pierre Marly incarne cette vision. Il d\u00e9clare&nbsp;: \u00abAvec mon \u00e9quipe, nous nous r\u00e9jouissons de rejoindre LPA-CGR pour apporter notre expertise en droit des affaires en Afrique, renfor\u00e7ant ainsi la position du cabinet comme un acteur-cl\u00e9 du continent. Notre objectif est de cr\u00e9er des synergies uniques, en tirant parti des solides fondations \u00e9tablies par le cabinet en Afrique\u00bb.<\/p>\n","protected":false},"excerpt":{"rendered":"<p>Quelques semaines seulement apr\u00e8s l&#8217;int\u00e9gration de C\u00e9dric Maheo, \u00e9conomiste sp\u00e9cialis\u00e9 en prix de transfert, au sein du Bureau de Casablanca, le cabinet LPA-CGR Avocats annonce l&#8217;arriv\u00e9e de Pierre Marly (photo) et de son \u00e9quipe, experts en Droit des Affaires en Afrique. Cette expansion strat\u00e9gique, co\u00efncidant avec la c\u00e9l\u00e9bration du 40\u00e8me anniversaire du cabinet, marque une &hellip;<\/p>\n","protected":false},"author":9,"featured_media":26962,"comment_status":"open","ping_status":"closed","sticky":false,"template":"","format":"standard","meta":{"footnotes":""},"categories":[449],"tags":[],"class_list":["post-26961","post","type-post","status-publish","format-standard","has-post-thumbnail","hentry","category-conseil"],"_links":{"self":[{"href":"https:\/\/letempsmag.ma\/index.php?rest_route=\/wp\/v2\/posts\/26961","targetHints":{"allow":["GET"]}}],"collection":[{"href":"https:\/\/letempsmag.ma\/index.php?rest_route=\/wp\/v2\/posts"}],"about":[{"href":"https:\/\/letempsmag.ma\/index.php?rest_route=\/wp\/v2\/types\/post"}],"author":[{"embeddable":true,"href":"https:\/\/letempsmag.ma\/index.php?rest_route=\/wp\/v2\/users\/9"}],"replies":[{"embeddable":true,"href":"https:\/\/letempsmag.ma\/index.php?rest_route=%2Fwp%2Fv2%2Fcomments&post=26961"}],"version-history":[{"count":1,"href":"https:\/\/letempsmag.ma\/index.php?rest_route=\/wp\/v2\/posts\/26961\/revisions"}],"predecessor-version":[{"id":26963,"href":"https:\/\/letempsmag.ma\/index.php?rest_route=\/wp\/v2\/posts\/26961\/revisions\/26963"}],"wp:featuredmedia":[{"embeddable":true,"href":"https:\/\/letempsmag.ma\/index.php?rest_route=\/wp\/v2\/media\/26962"}],"wp:attachment":[{"href":"https:\/\/letempsmag.ma\/index.php?rest_route=%2Fwp%2Fv2%2Fmedia&parent=26961"}],"wp:term":[{"taxonomy":"category","embeddable":true,"href":"https:\/\/letempsmag.ma\/index.php?rest_route=%2Fwp%2Fv2%2Fcategories&post=26961"},{"taxonomy":"post_tag","embeddable":true,"href":"https:\/\/letempsmag.ma\/index.php?rest_route=%2Fwp%2Fv2%2Ftags&post=26961"}],"curies":[{"name":"wp","href":"https:\/\/api.w.org\/{rel}","templated":true}]}}