{"id":26935,"date":"2024-01-18T13:26:12","date_gmt":"2024-01-18T12:26:12","guid":{"rendered":"https:\/\/letempsmag.ma\/?p=26935"},"modified":"2024-01-18T13:26:13","modified_gmt":"2024-01-18T12:26:13","slug":"mohamed-amine-zariat-president-de-tibu-africa-plebiscite-a-davos","status":"publish","type":"post","link":"https:\/\/letempsmag.ma\/?p=26935","title":{"rendered":"Mohamed Amine Zariat, Pr\u00e9sident de TIBU Africa, pl\u00e9biscit\u00e9 \u00e0 Davos"},"content":{"rendered":"\n<p>La Fondation Schwab, en partenariat avec le Forum \u00c9conomique Mondial de Davos, annonce que Mohamed Amine Zariat, Pr\u00e9sident de l\u2019ONG TIBU Africa, est l&#8217;un des laur\u00e9ats du Prix mondial \u00abSocial Entrepreneur of the Year 2024\u00bb. Cette cons\u00e9cration a \u00e9t\u00e9 annonc\u00e9e en marge des rencontres annuelles du World Economic Forum, qui se tiennent du 15 au 19 janvier courant &nbsp;\u00e0 Davos (Suisse) sur le th\u00e8me \u00abReconstruire la confiance\u00bb.<\/p>\n\n\n\n<p>Chaque ann\u00e9e, la Fondation Schwab pour l&#8217;entrepreneuriat social identifie les innovateurs sociaux les plus inspirants \u00e0 travers le monde. Cette distinction, attribu\u00e9e lors d&#8217;une c\u00e9r\u00e9monie prestigieuse, organis\u00e9e le 17 janvier \u00e0 Davos, reconna\u00eet les efforts remarquables de Mohamed Amine Zariat dans le domaine de l&#8217;inclusion sociale \u00e0 travers le sport au Maroc et en Afrique.<\/p>\n\n\n\n<p>Il est \u00e0 souligner que le Pr\u00e9sident fondateur de TIBU Africa est un ancien joueur professionnel de basketball et un entrepreneur social visionnaire. Fondateur de cette ONG, il a d\u00e9montr\u00e9 une passion et un engagement exceptionnels pour le d\u00e9veloppement de la jeunesse africaine. Sous sa direction, TIBU Africa a \u00e9tabli un mod\u00e8le int\u00e9gr\u00e9 de d\u00e9veloppement social et \u00e9conomique bas\u00e9 sur le sport, align\u00e9 sur l&#8217;ambition du Maroc de b\u00e2tir un \u00c9tat social inclusif. Un mod\u00e8le aujourd\u2019hui dupliqu\u00e9 dans plusieurs pays africains.<\/p>\n\n\n\n<p>Pour l\u2019occasion, Mohamed Amine Zariat a exprim\u00e9 sa fiert\u00e9 en recevant ce Prix&nbsp;: \u00ab\u00catre reconnu comme le seul entrepreneur social sportif en Afrique parmi les laur\u00e9ats est un immense honneur. Cela t\u00e9moigne de la force et du potentiel de l&#8217;Afrique dans la cr\u00e9ation de solutions innovantes pour le d\u00e9veloppement social. Notre travail \u00e0 TIBU Africa ne se limite pas \u00e0 l&#8217;enseignement du sport, mais s&#8217;\u00e9tend \u00e0 inculquer les valeurs de leadership, de r\u00e9silience et de collaboration, essentielles pour l&#8217;avenir de notre continent. Notre mod\u00e8le, apr\u00e8s avoir prouv\u00e9 son efficience au Maroc, est aujourd\u2019hui d\u00e9ploy\u00e9 dans quatre pays africains\u00bb.<\/p>\n\n\n\n<p>Rappelons que TIBU Africa est une ONG marocaine qui intervient dans l\u2019\u00e9ducation et l\u2019insertion des jeunes et des femmes par le sport au Maroc et en Afrique avec une large couverture nationale, dans plus de 40 villes dans les 12 r\u00e9gions du royaume et 5 capitales africaines, au service de plus de 250.000 b\u00e9n\u00e9ficiaires, elle s\u2019engage \u00e0 contribuer \u00e0 la r\u00e9alisation des 17 Objectifs de D\u00e9veloppement Durable (\u00e9dict\u00e9s par les Nations-Unies) et les consid\u00e8re comme une opportunit\u00e9 de positionner le sport comme un outil puissant pour concevoir des solutions innovantes face \u00e0 la complexit\u00e9 des d\u00e9fis du 21<sup>\u00e8me<\/sup> si\u00e8cle.<\/p>\n\n\n\n<p><strong>L. F.<\/strong><strong><\/strong><\/p>\n","protected":false},"excerpt":{"rendered":"<p>La Fondation Schwab, en partenariat avec le Forum \u00c9conomique Mondial de Davos, annonce que Mohamed Amine Zariat, Pr\u00e9sident de l\u2019ONG TIBU Africa, est l&#8217;un des laur\u00e9ats du Prix mondial \u00abSocial Entrepreneur of the Year 2024\u00bb. Cette cons\u00e9cration a \u00e9t\u00e9 annonc\u00e9e en marge des rencontres annuelles du World Economic Forum, qui se tiennent du 15 au &hellip;<\/p>\n","protected":false},"author":9,"featured_media":26936,"comment_status":"open","ping_status":"closed","sticky":false,"template":"","format":"standard","meta":{"footnotes":""},"categories":[859],"tags":[],"class_list":["post-26935","post","type-post","status-publish","format-standard","has-post-thumbnail","hentry","category-entrepreneuriat-social"],"_links":{"self":[{"href":"https:\/\/letempsmag.ma\/index.php?rest_route=\/wp\/v2\/posts\/26935","targetHints":{"allow":["GET"]}}],"collection":[{"href":"https:\/\/letempsmag.ma\/index.php?rest_route=\/wp\/v2\/posts"}],"about":[{"href":"https:\/\/letempsmag.ma\/index.php?rest_route=\/wp\/v2\/types\/post"}],"author":[{"embeddable":true,"href":"https:\/\/letempsmag.ma\/index.php?rest_route=\/wp\/v2\/users\/9"}],"replies":[{"embeddable":true,"href":"https:\/\/letempsmag.ma\/index.php?rest_route=%2Fwp%2Fv2%2Fcomments&post=26935"}],"version-history":[{"count":1,"href":"https:\/\/letempsmag.ma\/index.php?rest_route=\/wp\/v2\/posts\/26935\/revisions"}],"predecessor-version":[{"id":26937,"href":"https:\/\/letempsmag.ma\/index.php?rest_route=\/wp\/v2\/posts\/26935\/revisions\/26937"}],"wp:featuredmedia":[{"embeddable":true,"href":"https:\/\/letempsmag.ma\/index.php?rest_route=\/wp\/v2\/media\/26936"}],"wp:attachment":[{"href":"https:\/\/letempsmag.ma\/index.php?rest_route=%2Fwp%2Fv2%2Fmedia&parent=26935"}],"wp:term":[{"taxonomy":"category","embeddable":true,"href":"https:\/\/letempsmag.ma\/index.php?rest_route=%2Fwp%2Fv2%2Fcategories&post=26935"},{"taxonomy":"post_tag","embeddable":true,"href":"https:\/\/letempsmag.ma\/index.php?rest_route=%2Fwp%2Fv2%2Ftags&post=26935"}],"curies":[{"name":"wp","href":"https:\/\/api.w.org\/{rel}","templated":true}]}}