{"id":2691,"date":"2021-05-01T15:34:49","date_gmt":"2021-05-01T15:34:49","guid":{"rendered":"https:\/\/letempsmag.ma\/?p=2691"},"modified":"2021-05-01T15:34:50","modified_gmt":"2021-05-01T15:34:50","slug":"bourita-et-blinken-sentretiennent-sur-les-relations-maroco-americaines","status":"publish","type":"post","link":"https:\/\/letempsmag.ma\/?p=2691","title":{"rendered":"Bourita et Blinken s\u2019entretiennent sur les relations maroco-am\u00e9ricaines"},"content":{"rendered":"\n<p>Le Ministre des Affaires \u00e9trang\u00e8res, de la Coop\u00e9ration africaine et des Marocains r\u00e9sidant \u00e0 l\u2019\u00e9tranger, Nasser Bourita, a eu hier vendredi un entretien t\u00e9l\u00e9phonique avec le Secr\u00e9taire d\u2019\u00c9tat am\u00e9ricain, Anthony J. Blinken. Les deux responsables se sont f\u00e9licit\u00e9s du partenariat strat\u00e9gique et durable liant depuis des d\u00e9cennies le Royaume du Maroc et les \u00c9tats-Unis d\u2019Am\u00e9rique, souligne un communiqu\u00e9 du minist\u00e8re qui rappelle que la relation personnelle entre S.M. le Roi Mohammed VI et le Pr\u00e9sident am\u00e9ricain Joe Biden est de nature \u00e0 donner une forte impulsion \u00e0 ce partenariat, bas\u00e9 sur des valeurs partag\u00e9es, des int\u00e9r\u00eats convergents et une volont\u00e9 commune d\u2019\u0153uvrer pour la paix et la stabilit\u00e9 r\u00e9gionales. A cette occasion, le Secr\u00e9taire d\u2019\u00c9tat am\u00e9ricain a lou\u00e9 les avanc\u00e9es r\u00e9alis\u00e9es par le Maroc durant les deux derni\u00e8res d\u00e9cennies sous la conduite du Souverain au niveau des r\u00e9formes politiques, du progr\u00e8s \u00e9conomique et du d\u00e9veloppement social.<\/p>\n\n\n\n<p>Anthony J. Blinken a salu\u00e9 le leadership de S.M. le Roi Mohammed VI dans la lutte contre les changements climatiques, l\u2019investissement dans les \u00e9nergies renouvelables et la promotion de l\u2019\u00e9conomie verte. Les deux responsables ont \u00e9galement \u00e9chang\u00e9 des points de vue autour des questions r\u00e9gionales d\u2019int\u00e9r\u00eat commun, notamment la situation en Libye et au Sahel. A cet \u00e9gard, le haut responsable am\u00e9ricain a salu\u00e9 \u00able r\u00f4le stabilisateur jou\u00e9 par le Maroc dans un voisinage empreint de turbulences\u00bb.<\/p>\n\n\n\n<p>Dans le contexte de l\u2019accord trilat\u00e9ral sign\u00e9 le 22 d\u00e9cembre 2020 par les \u00c9tats-Unis, Isra\u00ebl et le Maroc, Anthony J. Blinken a salu\u00e9 la reprise des contacts officiels entre le Maroc et Isra\u00ebl et a not\u00e9 que ces relations ne manqueront pas d\u2019apporter des dividendes \u00e0 long terme, tout en soulignant \u00able r\u00f4le pionnier et l\u2019action cr\u00e9dible du Maroc dans l\u2019av\u00e8nement d\u2019une paix durable au Moyen-Orient\u00bb. Les deux hauts responsables se sont par ailleurs f\u00e9licit\u00e9s de la c\u00e9l\u00e9bration, cette ann\u00e9e, du 200<sup>\u00e8me<\/sup> anniversaire du don du b\u00e2timent de la L\u00e9gation am\u00e9ricaine \u00e0 Tanger aux \u00c9tats-Unis par le Sultan Moulay Soulayman. Un exemple des multiples volets du partenariat strat\u00e9gique maroco-am\u00e9ricain de longue date, conclut le communiqu\u00e9. (Photo&nbsp;: Yabiladi.ma)<\/p>\n\n\n\n<p><strong>A. A.<\/strong><\/p>\n","protected":false},"excerpt":{"rendered":"<p>Le Ministre des Affaires \u00e9trang\u00e8res, de la Coop\u00e9ration africaine et des Marocains r\u00e9sidant \u00e0 l\u2019\u00e9tranger, Nasser Bourita, a eu hier vendredi un entretien t\u00e9l\u00e9phonique avec le Secr\u00e9taire d\u2019\u00c9tat am\u00e9ricain, Anthony J. Blinken. Les deux responsables se sont f\u00e9licit\u00e9s du partenariat strat\u00e9gique et durable liant depuis des d\u00e9cennies le Royaume du Maroc et les \u00c9tats-Unis d\u2019Am\u00e9rique, &hellip;<\/p>\n","protected":false},"author":9,"featured_media":2693,"comment_status":"open","ping_status":"closed","sticky":false,"template":"","format":"standard","meta":{"footnotes":""},"categories":[118],"tags":[],"class_list":["post-2691","post","type-post","status-publish","format-standard","has-post-thumbnail","hentry","category-diplomatie"],"_links":{"self":[{"href":"https:\/\/letempsmag.ma\/index.php?rest_route=\/wp\/v2\/posts\/2691","targetHints":{"allow":["GET"]}}],"collection":[{"href":"https:\/\/letempsmag.ma\/index.php?rest_route=\/wp\/v2\/posts"}],"about":[{"href":"https:\/\/letempsmag.ma\/index.php?rest_route=\/wp\/v2\/types\/post"}],"author":[{"embeddable":true,"href":"https:\/\/letempsmag.ma\/index.php?rest_route=\/wp\/v2\/users\/9"}],"replies":[{"embeddable":true,"href":"https:\/\/letempsmag.ma\/index.php?rest_route=%2Fwp%2Fv2%2Fcomments&post=2691"}],"version-history":[{"count":1,"href":"https:\/\/letempsmag.ma\/index.php?rest_route=\/wp\/v2\/posts\/2691\/revisions"}],"predecessor-version":[{"id":2695,"href":"https:\/\/letempsmag.ma\/index.php?rest_route=\/wp\/v2\/posts\/2691\/revisions\/2695"}],"wp:featuredmedia":[{"embeddable":true,"href":"https:\/\/letempsmag.ma\/index.php?rest_route=\/wp\/v2\/media\/2693"}],"wp:attachment":[{"href":"https:\/\/letempsmag.ma\/index.php?rest_route=%2Fwp%2Fv2%2Fmedia&parent=2691"}],"wp:term":[{"taxonomy":"category","embeddable":true,"href":"https:\/\/letempsmag.ma\/index.php?rest_route=%2Fwp%2Fv2%2Fcategories&post=2691"},{"taxonomy":"post_tag","embeddable":true,"href":"https:\/\/letempsmag.ma\/index.php?rest_route=%2Fwp%2Fv2%2Ftags&post=2691"}],"curies":[{"name":"wp","href":"https:\/\/api.w.org\/{rel}","templated":true}]}}