{"id":26882,"date":"2024-01-16T09:05:25","date_gmt":"2024-01-16T08:05:25","guid":{"rendered":"https:\/\/letempsmag.ma\/?p=26882"},"modified":"2024-01-16T09:05:26","modified_gmt":"2024-01-16T08:05:26","slug":"le-think-tank-de-locp-prospecte-les-opportunites-offertes-au-maroc","status":"publish","type":"post","link":"https:\/\/letempsmag.ma\/?p=26882","title":{"rendered":"Le think tank de l\u2019OCP prospecte les opportunit\u00e9s offertes au Maroc"},"content":{"rendered":"\n<p>\u00abL\u2019analyse du commerce en valeur ajout\u00e9e r\u00e9v\u00e8le l\u2019existence de diff\u00e9rentes hi\u00e9rarchies tant dans les syst\u00e8mes de commerce interr\u00e9gionaux qu\u2019internationaux, ce qui peut avoir des implications n\u00e9gatives en termes d\u2019in\u00e9galit\u00e9 r\u00e9gionale\u00bb. C\u2019est ce qu\u2019indique une r\u00e9cente note r\u00e9alis\u00e9e par le Policy Center for the New South (PCNS), le think tank relevant du groupe OCP. Elhoussaine Wahyana et Edouard Haddad, les deux chercheurs auteurs de la note, pr\u00e9cisent que pour \u00abcomprendre ces diff\u00e9rentes hi\u00e9rarchies li\u00e9es au commerce des interactions interr\u00e9gionales et des transactions internationales est indubitablement important comme base pour une meilleure mise en \u0153uvre des politiques de d\u00e9veloppement\u00bb.&nbsp;<\/p>\n\n\n\n<p>L\u2019un des premiers constats dress\u00e9s est que la diff\u00e9renciation de poids entre les r\u00e9gions r\u00e9sulte d\u2019une concentration \u00e9lev\u00e9e d\u2019activit\u00e9s dans les zones urbaines et m\u00e9tropolitaines. La r\u00e9gion du Grand Casablanca-Settat joue, \u00e0 cet \u00e9gard, un r\u00f4le vital en tant que stimulateur \u00e9conomique. Elle contribue de mani\u00e8re forte \u00e0 la g\u00e9n\u00e9ration de valeur ajout\u00e9e dans d\u2019autres r\u00e9gions et au commerce ext\u00e9rieur marocain. Ses impacts au niveau du commerce interr\u00e9gional \u00abdiff\u00e8rent de ceux des autres \u00e9conomies r\u00e9gionales\u00bb, rel\u00e8vent les deux chercheurs du PCNS. Ces derniers notent aussi que les r\u00e9gions de Dakhla-Oued Eddahab et Tanger-T\u00e9touan-Al Hoceima \u00abse sp\u00e9cialisent dans des activit\u00e9s davantage orient\u00e9es vers les exportations \u00e9trang\u00e8res, rendant leur croissance \u00e9conomique et leur d\u00e9veloppement d\u00e9pendants de leur capacit\u00e9 \u00e0 concurrencer sur les march\u00e9s internationaux d\u2019exportation, en plus de leurs march\u00e9s nationaux\u00bb. Cela influence significativement les activit\u00e9s des autres \u00e9conomies r\u00e9gionales \u00e0 travers la cha\u00eene d\u2019approvisionnement.<\/p>\n\n\n\n<p>L\u2019\u00e9tude a tent\u00e9 de cerner les gains potentiels de la participation du Maroc au commerce international gr\u00e2ce \u00e0 la g\u00e9n\u00e9ration de valeur ajout\u00e9e incorpor\u00e9e dans les exportations \u00e9trang\u00e8res. Les chercheurs du PCNS recommandent aux d\u00e9cideurs de prendre en compte le poids du commerce interr\u00e9gional pour l\u2019\u00e9conomie marocaine. L\u2019\u00e9tude a r\u00e9pondu \u00e0 deux principales questions. La premi\u00e8re consiste \u00e0 d\u00e9terminer l\u2019influence exerc\u00e9e par l\u2019absorption int\u00e9rieure et les exportations \u00e9trang\u00e8res sur la g\u00e9n\u00e9ration de la valeur ajout\u00e9e dans les r\u00e9gions marocaines au moment o\u00f9 la seconde porte sur l\u2019examen de la contribution de la valeur ajout\u00e9e r\u00e9gionale incorpor\u00e9e dans les composantes de la demande finale par source g\u00e9ographique.&nbsp;<\/p>\n\n\n\n<p><strong>C. A.<\/strong><\/p>\n","protected":false},"excerpt":{"rendered":"<p>\u00abL\u2019analyse du commerce en valeur ajout\u00e9e r\u00e9v\u00e8le l\u2019existence de diff\u00e9rentes hi\u00e9rarchies tant dans les syst\u00e8mes de commerce interr\u00e9gionaux qu\u2019internationaux, ce qui peut avoir des implications n\u00e9gatives en termes d\u2019in\u00e9galit\u00e9 r\u00e9gionale\u00bb. C\u2019est ce qu\u2019indique une r\u00e9cente note r\u00e9alis\u00e9e par le Policy Center for the New South (PCNS), le think tank relevant du groupe OCP. Elhoussaine Wahyana &hellip;<\/p>\n","protected":false},"author":9,"featured_media":26883,"comment_status":"open","ping_status":"closed","sticky":false,"template":"","format":"standard","meta":{"footnotes":""},"categories":[201],"tags":[],"class_list":["post-26882","post","type-post","status-publish","format-standard","has-post-thumbnail","hentry","category-affaires"],"_links":{"self":[{"href":"https:\/\/letempsmag.ma\/index.php?rest_route=\/wp\/v2\/posts\/26882","targetHints":{"allow":["GET"]}}],"collection":[{"href":"https:\/\/letempsmag.ma\/index.php?rest_route=\/wp\/v2\/posts"}],"about":[{"href":"https:\/\/letempsmag.ma\/index.php?rest_route=\/wp\/v2\/types\/post"}],"author":[{"embeddable":true,"href":"https:\/\/letempsmag.ma\/index.php?rest_route=\/wp\/v2\/users\/9"}],"replies":[{"embeddable":true,"href":"https:\/\/letempsmag.ma\/index.php?rest_route=%2Fwp%2Fv2%2Fcomments&post=26882"}],"version-history":[{"count":1,"href":"https:\/\/letempsmag.ma\/index.php?rest_route=\/wp\/v2\/posts\/26882\/revisions"}],"predecessor-version":[{"id":26884,"href":"https:\/\/letempsmag.ma\/index.php?rest_route=\/wp\/v2\/posts\/26882\/revisions\/26884"}],"wp:featuredmedia":[{"embeddable":true,"href":"https:\/\/letempsmag.ma\/index.php?rest_route=\/wp\/v2\/media\/26883"}],"wp:attachment":[{"href":"https:\/\/letempsmag.ma\/index.php?rest_route=%2Fwp%2Fv2%2Fmedia&parent=26882"}],"wp:term":[{"taxonomy":"category","embeddable":true,"href":"https:\/\/letempsmag.ma\/index.php?rest_route=%2Fwp%2Fv2%2Fcategories&post=26882"},{"taxonomy":"post_tag","embeddable":true,"href":"https:\/\/letempsmag.ma\/index.php?rest_route=%2Fwp%2Fv2%2Ftags&post=26882"}],"curies":[{"name":"wp","href":"https:\/\/api.w.org\/{rel}","templated":true}]}}