{"id":26879,"date":"2024-01-16T09:04:30","date_gmt":"2024-01-16T08:04:30","guid":{"rendered":"https:\/\/letempsmag.ma\/?p=26879"},"modified":"2024-01-16T09:04:31","modified_gmt":"2024-01-16T08:04:31","slug":"les-premiers-morocco-tourism-awards-seront-decernes-ce-soir","status":"publish","type":"post","link":"https:\/\/letempsmag.ma\/?p=26879","title":{"rendered":"Les premiers \u00abMorocco Tourism Awards\u00bb seront d\u00e9cern\u00e9s ce soir"},"content":{"rendered":"\n<p>La premi\u00e8re \u00e9dition des \u00abMorocco Tourism Awards\u00bb se tient aujourd\u2019hui mardi 16 janvier \u00e0 Rabat, \u00e0 l&#8217;initiative du m\u00e9dia sp\u00e9cialis\u00e9 \u00abTourisma Post\u00bb. L\u2019\u00e9v\u00e9nement a pour ambition de r\u00e9compenser les acteurs et les institutions qui ont \u00e9t\u00e9 les plus actifs en 2023, qui se sont d\u00e9marqu\u00e9s par leur cr\u00e9ativit\u00e9 et leur engagement et qui participent ainsi au rayonnement de la marque touristique \u00abMaroc\u00bb aussi bien au niveau national qu&#8217;international, indique le communiqu\u00e9 diffus\u00e9 \u00e0 cette occasion.<\/p>\n\n\n\n<p>L&#8217;objectif des \u00abMorocco Tourism Awards\u00bb est de contribuer \u00e0 la dynamique du secteur. L\u2019ann\u00e9e 2023 a \u00e9t\u00e9 marqu\u00e9e par des r\u00e9alisations exceptionnelles et des moments inspirants pour le secteur du tourisme, port\u00e9s par des femmes et des hommes fortement engag\u00e9s. Une ann\u00e9e o\u00f9 la reprise se confirme gr\u00e2ce \u00e0 des r\u00e9sultats exceptionnels et qui ouvre tous les champs du possible pour ce secteur strat\u00e9gique pour le pays qui repr\u00e9sente quelque 2,5 millions d&#8217;emplois directs et indirects. Les Prix d\u00e9cern\u00e9s lors des \u00abMorocco Tourism Awards\u00bb viendront ainsi r\u00e9compenser tous les m\u00e9tiers du secteur (h\u00f4teliers, voyagistes, restaurateurs, guides\u2026), ainsi que les destinations les plus en vogue.<\/p>\n\n\n\n<p>Les votes pour la s\u00e9lection des nomin\u00e9s ont \u00e9t\u00e9 faits essentiellement par des journalistes et des patrons de presse de m\u00e9dias nationaux. Un choix justifi\u00e9 par les organisateurs pour garantir une certaine neutralit\u00e9 et un regard critique sur le secteur. Pour l&#8217;heure, les nomin\u00e9s ne sont pas encore connus, mais les organisateurs avancent que de belles surprises sont \u00e0 pr\u00e9voir aujourd\u2019hui, lors de la soir\u00e9e de gala pr\u00e9vue \u00e0 cet effet au Fairmont La Marina Rabat-Sal\u00e9.<\/p>\n\n\n\n<p>Rappelons que la plateforme \u00abTourisma Post\u00bb est un m\u00e9dia \u00e9lectronique sp\u00e9cialis\u00e9 lanc\u00e9 il y a exactement 10 ans et dirig\u00e9 par Ahlam Jebbar, journaliste et experte dans les m\u00e9tiers du tourisme.<\/p>\n","protected":false},"excerpt":{"rendered":"<p>La premi\u00e8re \u00e9dition des \u00abMorocco Tourism Awards\u00bb se tient aujourd\u2019hui mardi 16 janvier \u00e0 Rabat, \u00e0 l&#8217;initiative du m\u00e9dia sp\u00e9cialis\u00e9 \u00abTourisma Post\u00bb. L\u2019\u00e9v\u00e9nement a pour ambition de r\u00e9compenser les acteurs et les institutions qui ont \u00e9t\u00e9 les plus actifs en 2023, qui se sont d\u00e9marqu\u00e9s par leur cr\u00e9ativit\u00e9 et leur engagement et qui participent ainsi &hellip;<\/p>\n","protected":false},"author":9,"featured_media":26880,"comment_status":"open","ping_status":"closed","sticky":false,"template":"","format":"standard","meta":{"footnotes":""},"categories":[490],"tags":[],"class_list":["post-26879","post","type-post","status-publish","format-standard","has-post-thumbnail","hentry","category-happening"],"_links":{"self":[{"href":"https:\/\/letempsmag.ma\/index.php?rest_route=\/wp\/v2\/posts\/26879","targetHints":{"allow":["GET"]}}],"collection":[{"href":"https:\/\/letempsmag.ma\/index.php?rest_route=\/wp\/v2\/posts"}],"about":[{"href":"https:\/\/letempsmag.ma\/index.php?rest_route=\/wp\/v2\/types\/post"}],"author":[{"embeddable":true,"href":"https:\/\/letempsmag.ma\/index.php?rest_route=\/wp\/v2\/users\/9"}],"replies":[{"embeddable":true,"href":"https:\/\/letempsmag.ma\/index.php?rest_route=%2Fwp%2Fv2%2Fcomments&post=26879"}],"version-history":[{"count":1,"href":"https:\/\/letempsmag.ma\/index.php?rest_route=\/wp\/v2\/posts\/26879\/revisions"}],"predecessor-version":[{"id":26881,"href":"https:\/\/letempsmag.ma\/index.php?rest_route=\/wp\/v2\/posts\/26879\/revisions\/26881"}],"wp:featuredmedia":[{"embeddable":true,"href":"https:\/\/letempsmag.ma\/index.php?rest_route=\/wp\/v2\/media\/26880"}],"wp:attachment":[{"href":"https:\/\/letempsmag.ma\/index.php?rest_route=%2Fwp%2Fv2%2Fmedia&parent=26879"}],"wp:term":[{"taxonomy":"category","embeddable":true,"href":"https:\/\/letempsmag.ma\/index.php?rest_route=%2Fwp%2Fv2%2Fcategories&post=26879"},{"taxonomy":"post_tag","embeddable":true,"href":"https:\/\/letempsmag.ma\/index.php?rest_route=%2Fwp%2Fv2%2Ftags&post=26879"}],"curies":[{"name":"wp","href":"https:\/\/api.w.org\/{rel}","templated":true}]}}