{"id":26873,"date":"2024-01-16T09:01:55","date_gmt":"2024-01-16T08:01:55","guid":{"rendered":"https:\/\/letempsmag.ma\/?p=26873"},"modified":"2024-01-16T09:01:56","modified_gmt":"2024-01-16T08:01:56","slug":"ryanair-annonce-de-nouvelles-dessertes-vers-le-maroc","status":"publish","type":"post","link":"https:\/\/letempsmag.ma\/?p=26873","title":{"rendered":"Ryanair annonce de nouvelles dessertes vers le Maroc"},"content":{"rendered":"\n<p>La compagnie low-cost irlandaise Ryanair annonce la cr\u00e9ation d\u2019une nouvelle desserte vers le Maroc \u00e0 partir de l&#8217;a\u00e9roport de Bournemouth, au sud de l\u2019Angleterre. La compagnie a\u00e9rienne a r\u00e9v\u00e9l\u00e9 que les vols devraient d\u00e9buter en avril prochain, \u00e0 raison de deux vols hebdomadaires, les lundis et les jeudis.<\/p>\n\n\n\n<p>Ryanair a augment\u00e9, l&#8217;ann\u00e9e derni\u00e8re, le nombre de ses vols au Maroc de 30%. Poursuivant sur sa lanc\u00e9e, elle annonce \u00e9galement le lancement, \u00e0 partir du 1er avril prochain, d\u2019une nouvelle ligne a\u00e9rienne entre la ville \u00e9cossaise d\u2019\u00c9dimbourg et la ville d\u2019Agadir, \u00e0 raison de deux vols par semaine, les lundis et les samedis.<\/p>\n\n\n\n<p>\u00abCet \u00e9t\u00e9, nos passagers pourront d\u00e9sormais d\u00e9couvrir Bergerac, se promener dans la superbe ville de Biarritz ou profiter du soleil \u00e0 Agadir. Il est difficile de choisir laquelle visiter, alors autant cocher toutes les cases\u00bb, d\u00e9clare Johnny Macneal, responsable de l\u2019aviation \u00e0 l\u2019a\u00e9roport d\u2019\u00c9dimbourg.<\/p>\n\n\n\n<p><strong>Y. E. H.<\/strong><\/p>\n","protected":false},"excerpt":{"rendered":"<p>La compagnie low-cost irlandaise Ryanair annonce la cr\u00e9ation d\u2019une nouvelle desserte vers le Maroc \u00e0 partir de l&#8217;a\u00e9roport de Bournemouth, au sud de l\u2019Angleterre. La compagnie a\u00e9rienne a r\u00e9v\u00e9l\u00e9 que les vols devraient d\u00e9buter en avril prochain, \u00e0 raison de deux vols hebdomadaires, les lundis et les jeudis. Ryanair a augment\u00e9, l&#8217;ann\u00e9e derni\u00e8re, le nombre &hellip;<\/p>\n","protected":false},"author":9,"featured_media":26874,"comment_status":"open","ping_status":"closed","sticky":false,"template":"","format":"standard","meta":{"footnotes":""},"categories":[53],"tags":[],"class_list":["post-26873","post","type-post","status-publish","format-standard","has-post-thumbnail","hentry","category-aerien"],"_links":{"self":[{"href":"https:\/\/letempsmag.ma\/index.php?rest_route=\/wp\/v2\/posts\/26873","targetHints":{"allow":["GET"]}}],"collection":[{"href":"https:\/\/letempsmag.ma\/index.php?rest_route=\/wp\/v2\/posts"}],"about":[{"href":"https:\/\/letempsmag.ma\/index.php?rest_route=\/wp\/v2\/types\/post"}],"author":[{"embeddable":true,"href":"https:\/\/letempsmag.ma\/index.php?rest_route=\/wp\/v2\/users\/9"}],"replies":[{"embeddable":true,"href":"https:\/\/letempsmag.ma\/index.php?rest_route=%2Fwp%2Fv2%2Fcomments&post=26873"}],"version-history":[{"count":1,"href":"https:\/\/letempsmag.ma\/index.php?rest_route=\/wp\/v2\/posts\/26873\/revisions"}],"predecessor-version":[{"id":26875,"href":"https:\/\/letempsmag.ma\/index.php?rest_route=\/wp\/v2\/posts\/26873\/revisions\/26875"}],"wp:featuredmedia":[{"embeddable":true,"href":"https:\/\/letempsmag.ma\/index.php?rest_route=\/wp\/v2\/media\/26874"}],"wp:attachment":[{"href":"https:\/\/letempsmag.ma\/index.php?rest_route=%2Fwp%2Fv2%2Fmedia&parent=26873"}],"wp:term":[{"taxonomy":"category","embeddable":true,"href":"https:\/\/letempsmag.ma\/index.php?rest_route=%2Fwp%2Fv2%2Fcategories&post=26873"},{"taxonomy":"post_tag","embeddable":true,"href":"https:\/\/letempsmag.ma\/index.php?rest_route=%2Fwp%2Fv2%2Ftags&post=26873"}],"curies":[{"name":"wp","href":"https:\/\/api.w.org\/{rel}","templated":true}]}}