{"id":26839,"date":"2024-01-15T11:13:25","date_gmt":"2024-01-15T10:13:25","guid":{"rendered":"https:\/\/letempsmag.ma\/?p=26839"},"modified":"2024-01-15T11:13:26","modified_gmt":"2024-01-15T10:13:26","slug":"pourquoi-la-mauritanie-a-augmente-ses-tarifs-douaniers-sur-les-marchandises-marocaines","status":"publish","type":"post","link":"https:\/\/letempsmag.ma\/?p=26839","title":{"rendered":"Pourquoi la Mauritanie a augment\u00e9 ses tarifs douaniers sur les marchandises marocaines\u00a0?"},"content":{"rendered":"\n<p>D\u00e9but le d\u00e9but de ce mois de janvier, les autorit\u00e9s mauritaniennes ont d\u00e9cid\u00e9 de tripler les frais de transit des fruits et l\u00e9gumes marocains, les faisant passer de 1.600 euros \u00e0 4.600 euros. Une d\u00e9cision surprenante pour les exportateurs marocains, mais inexpliqu\u00e9e du c\u00f4t\u00e9 mauritanien. Pour tenter de comprendre le contexte de cette d\u00e9cision, un cabinet de consulting sp\u00e9cialis\u00e9 a pris attache avec El Mokhtar Mehdaoui, producteur marocain pr\u00e9sent au Maroc, en Mauritanie et au S\u00e9n\u00e9gal.<\/p>\n\n\n\n<p>Pour comprendre les motivations de la Mauritanie, il est essentiel de rappeler l&#8217;\u00e9pisode de mars 2023, lorsque le Maroc a stopp\u00e9 l&#8217;exportation de plusieurs cultures vers l&#8217;Afrique de l&#8217;Ouest. El Mokhtar Mehdaoui explique&nbsp;: \u00abLe Maroc souffre depuis quatre ans d&#8217;une s\u00e9cheresse grave et constante, qui a entra\u00een\u00e9 une p\u00e9nurie d&#8217;eau et l&#8217;\u00e9puisement de la nappe phr\u00e9atique. Les prix des produits frais ont grimp\u00e9 en fl\u00e8che sur le march\u00e9 local marocain et le gouvernement a \u00e9t\u00e9 contraint d&#8217;interdire l&#8217;exportation d&#8217;oignons et de pommes de terre vers les pays d&#8217;Afrique de l&#8217;Ouest, dont la Mauritanie\u00bb. Mais la d\u00e9cision d&#8217;augmenter les tarifs douaniers \u00e0 la fronti\u00e8re maroco-mauritanienne sera b\u00e9n\u00e9fique \u00e0 plusieurs niveaux, estime El Mokhtar Mehdaoui, qui explique que \u00abCette d\u00e9cision aura un impact sur l&#8217;ensemble des approvisionnements marocains vers l&#8217;Afrique, puisque la Mauritanie est la seule porte d&#8217;entr\u00e9e vers les pays du Sahel. Cela favorisera une meilleure organisation des \u00e9changes et un virage vers le transport maritime, ce qui est positif pour toutes les parties\u00bb.<\/p>\n\n\n\n<p>Le producteur ajoute par ailleurs que \u00abLa hausse des taxes profitera aux exportateurs s\u00e9n\u00e9galais, qui verront leurs exportations vers la Mauritanie augmenter. Bien entendu, le march\u00e9 local mauritanien sera impact\u00e9 par la baisse de l&#8217;offre marocaine, mais cela n&#8217;arrivera que vers le d\u00e9but de mai. Donc, on a tout le temps de s&#8217;adapter\u00bb.<\/p>\n\n\n\n<p>\u00c0 pr\u00e9ciser que la d\u00e9cision s\u2019est rapidement fait sentir sur le march\u00e9 local au Maroc. Selon notre confr\u00e8re en ligne \u00abMedias24\u00bb, les prix des tomates marocaines ont baiss\u00e9 sur les march\u00e9s de gros \u00e0 travers le Royaume, ce qui est un fait directement li\u00e9 \u00e0 la baisse des volumes export\u00e9s via la Mauritanie.<\/p>\n\n\n\n<p><strong>Y. E. H.<\/strong><\/p>\n","protected":false},"excerpt":{"rendered":"<p>D\u00e9but le d\u00e9but de ce mois de janvier, les autorit\u00e9s mauritaniennes ont d\u00e9cid\u00e9 de tripler les frais de transit des fruits et l\u00e9gumes marocains, les faisant passer de 1.600 euros \u00e0 4.600 euros. Une d\u00e9cision surprenante pour les exportateurs marocains, mais inexpliqu\u00e9e du c\u00f4t\u00e9 mauritanien. Pour tenter de comprendre le contexte de cette d\u00e9cision, un &hellip;<\/p>\n","protected":false},"author":9,"featured_media":26840,"comment_status":"open","ping_status":"closed","sticky":false,"template":"","format":"standard","meta":{"footnotes":""},"categories":[625],"tags":[],"class_list":["post-26839","post","type-post","status-publish","format-standard","has-post-thumbnail","hentry","category-commerce-exterieur-2"],"_links":{"self":[{"href":"https:\/\/letempsmag.ma\/index.php?rest_route=\/wp\/v2\/posts\/26839","targetHints":{"allow":["GET"]}}],"collection":[{"href":"https:\/\/letempsmag.ma\/index.php?rest_route=\/wp\/v2\/posts"}],"about":[{"href":"https:\/\/letempsmag.ma\/index.php?rest_route=\/wp\/v2\/types\/post"}],"author":[{"embeddable":true,"href":"https:\/\/letempsmag.ma\/index.php?rest_route=\/wp\/v2\/users\/9"}],"replies":[{"embeddable":true,"href":"https:\/\/letempsmag.ma\/index.php?rest_route=%2Fwp%2Fv2%2Fcomments&post=26839"}],"version-history":[{"count":1,"href":"https:\/\/letempsmag.ma\/index.php?rest_route=\/wp\/v2\/posts\/26839\/revisions"}],"predecessor-version":[{"id":26841,"href":"https:\/\/letempsmag.ma\/index.php?rest_route=\/wp\/v2\/posts\/26839\/revisions\/26841"}],"wp:featuredmedia":[{"embeddable":true,"href":"https:\/\/letempsmag.ma\/index.php?rest_route=\/wp\/v2\/media\/26840"}],"wp:attachment":[{"href":"https:\/\/letempsmag.ma\/index.php?rest_route=%2Fwp%2Fv2%2Fmedia&parent=26839"}],"wp:term":[{"taxonomy":"category","embeddable":true,"href":"https:\/\/letempsmag.ma\/index.php?rest_route=%2Fwp%2Fv2%2Fcategories&post=26839"},{"taxonomy":"post_tag","embeddable":true,"href":"https:\/\/letempsmag.ma\/index.php?rest_route=%2Fwp%2Fv2%2Ftags&post=26839"}],"curies":[{"name":"wp","href":"https:\/\/api.w.org\/{rel}","templated":true}]}}