{"id":26788,"date":"2024-01-10T10:55:37","date_gmt":"2024-01-10T09:55:37","guid":{"rendered":"https:\/\/letempsmag.ma\/?p=26788"},"modified":"2024-01-10T10:55:38","modified_gmt":"2024-01-10T09:55:38","slug":"les-6emes-journees-economiques-maroc-france-se-tiendront-bientot-dans-la-ville-de-nantes","status":"publish","type":"post","link":"https:\/\/letempsmag.ma\/?p=26788","title":{"rendered":"Les 6\u00e8mes Journ\u00e9es \u00c9conomiques Maroc-France se tiendront bient\u00f4t dans la ville de Nantes"},"content":{"rendered":"\n<p>La Chambre Fran\u00e7aise de Commerce et d\u2019Industrie du Maroc (CFCIM) organisera du 23 au 25 janvier prochain la 6\u00e8me \u00e9tape des Journ\u00e9es \u00c9conomiques Maroc-France dans la ville de Nantes sous le th\u00e8me \u00abL\u2019\u00e9conomie bleue et son \u00e9cosyst\u00e8me industriel\u00bb. L\u2019\u00e9v\u00e9nement rassemblera des experts, des entrepreneurs et des d\u00e9cideurs \u00e9conomiques autour des opportunit\u00e9s et enjeux de ce pan de plus en plus important de l\u2019\u00e9conomie.<\/p>\n\n\n\n<p>Le cycle des Journ\u00e9es \u00c9conomiques Maroc-France, lanc\u00e9 le 8 octobre 2021 par la CFCIM en partenariat avec l\u2019Ambassade du Maroc en France, vise \u00e0 favoriser le rapprochement \u00e9conomique entre les r\u00e9gions marocaines et fran\u00e7aises, et ce en mettant en avant le potentiel du co-investissement r\u00e9gional ainsi que les secteurs cl\u00e9s de coop\u00e9ration entre les deux pays.<\/p>\n\n\n\n<p>L\u2019\u00e9conomie bleue constitue une v\u00e9ritable opportunit\u00e9 de d\u00e9veloppement \u00e9conomique et social pour le Royaume. Il est \u00e0 souligner que le Maroc est le premier producteur de poissons en Afrique avec 1.326.000 km2 d\u2019espaces littoraux et \u00e9tendues maritimes, pr\u00e8s de 1.200 km2 d\u2019espaces maritimes (zones \u00e9conomiques exclusives), 500 esp\u00e8ces en patrimoine halieutique, 3.500 km de littoral, 152 plages et 38 ports.<\/p>\n\n\n\n<p>S.M. le Roi Mohammed VI a annonc\u00e9 dans son discours de la Marche Verte, du 6 novembre 2023 \u00abla mise \u00e0 niveau nationale du littoral, incluant la fa\u00e7ade atlantique du Sahara marocain\u00bb. Le discours Royal a \u00e9galement mis l\u2019accent sur le tourisme. Le Souverain a appel\u00e9 \u00e0 \u00abl\u2019adoption d\u2019une strat\u00e9gie d\u00e9di\u00e9e au tourisme atlantique, dont la vocation serait de mettre en valeur les nombreuses potentialit\u00e9s de la r\u00e9gion et, ainsi, de la consacrer comme une v\u00e9ritable destination pour la pratique du tourisme baln\u00e9aire et saharien\u00bb.<\/p>\n\n\n\n<p>S\u2019agissant de la France, la situation de la R\u00e9gion de la Loire, sur la c\u00f4te Atlantique et au carrefour de l&#8217;Europe, lui octroie de pr\u00e9cieux atouts tels qu\u2019une \u00e9conomie r\u00e9gionale maritime dynamique et diversifi\u00e9e&nbsp;: p\u00eache, conchyliculture, saliculture, tourisme, industries nautique et navale, \u00e9nergies marines\u2026<\/p>\n\n\n\n<p>Des tables rondes sectorielles seront anim\u00e9es, lors de cette 6\u00e8me \u00e9tape \u00e0 Nantes, autour des th\u00e9matiques suivantes&nbsp;: p\u00eache aquaculture, tourisme baln\u00e9aire, loisirs nautiques, \u00e9nergie, dessalement, biotechnologies, chantiers navals&#8230; Des th\u00e9matiques en lien avec la fili\u00e8re seront \u00e9galement abord\u00e9es, notamment le financement, la recherche et d\u00e9veloppement ou encore la formation.<\/p>\n\n\n\n<p><strong>L. F.<\/strong><\/p>\n","protected":false},"excerpt":{"rendered":"<p>La Chambre Fran\u00e7aise de Commerce et d\u2019Industrie du Maroc (CFCIM) organisera du 23 au 25 janvier prochain la 6\u00e8me \u00e9tape des Journ\u00e9es \u00c9conomiques Maroc-France dans la ville de Nantes sous le th\u00e8me \u00abL\u2019\u00e9conomie bleue et son \u00e9cosyst\u00e8me industriel\u00bb. L\u2019\u00e9v\u00e9nement rassemblera des experts, des entrepreneurs et des d\u00e9cideurs \u00e9conomiques autour des opportunit\u00e9s et enjeux de ce &hellip;<\/p>\n","protected":false},"author":9,"featured_media":26789,"comment_status":"open","ping_status":"closed","sticky":false,"template":"","format":"standard","meta":{"footnotes":""},"categories":[201],"tags":[],"class_list":["post-26788","post","type-post","status-publish","format-standard","has-post-thumbnail","hentry","category-affaires"],"_links":{"self":[{"href":"https:\/\/letempsmag.ma\/index.php?rest_route=\/wp\/v2\/posts\/26788","targetHints":{"allow":["GET"]}}],"collection":[{"href":"https:\/\/letempsmag.ma\/index.php?rest_route=\/wp\/v2\/posts"}],"about":[{"href":"https:\/\/letempsmag.ma\/index.php?rest_route=\/wp\/v2\/types\/post"}],"author":[{"embeddable":true,"href":"https:\/\/letempsmag.ma\/index.php?rest_route=\/wp\/v2\/users\/9"}],"replies":[{"embeddable":true,"href":"https:\/\/letempsmag.ma\/index.php?rest_route=%2Fwp%2Fv2%2Fcomments&post=26788"}],"version-history":[{"count":1,"href":"https:\/\/letempsmag.ma\/index.php?rest_route=\/wp\/v2\/posts\/26788\/revisions"}],"predecessor-version":[{"id":26790,"href":"https:\/\/letempsmag.ma\/index.php?rest_route=\/wp\/v2\/posts\/26788\/revisions\/26790"}],"wp:featuredmedia":[{"embeddable":true,"href":"https:\/\/letempsmag.ma\/index.php?rest_route=\/wp\/v2\/media\/26789"}],"wp:attachment":[{"href":"https:\/\/letempsmag.ma\/index.php?rest_route=%2Fwp%2Fv2%2Fmedia&parent=26788"}],"wp:term":[{"taxonomy":"category","embeddable":true,"href":"https:\/\/letempsmag.ma\/index.php?rest_route=%2Fwp%2Fv2%2Fcategories&post=26788"},{"taxonomy":"post_tag","embeddable":true,"href":"https:\/\/letempsmag.ma\/index.php?rest_route=%2Fwp%2Fv2%2Ftags&post=26788"}],"curies":[{"name":"wp","href":"https:\/\/api.w.org\/{rel}","templated":true}]}}