{"id":26769,"date":"2024-01-09T08:27:29","date_gmt":"2024-01-09T07:27:29","guid":{"rendered":"https:\/\/letempsmag.ma\/?p=26769"},"modified":"2024-01-09T08:27:29","modified_gmt":"2024-01-09T07:27:29","slug":"un-forum-economique-maroco-saoudien-a-riyad-les-21-et-22-janvier","status":"publish","type":"post","link":"https:\/\/letempsmag.ma\/?p=26769","title":{"rendered":"Un Forum \u00e9conomique maroco-saoudien \u00e0 Riyad les 21 et 22 janvier"},"content":{"rendered":"\n<p>Un forum \u00e9conomique maroco-saoudien sera organis\u00e9 \u00e0 Riyad les 21 et 22 janvier courant par la Conf\u00e9d\u00e9ration G\u00e9n\u00e9rale des Entreprises du Maroc (CGEM) en coop\u00e9ration avec la F\u00e9d\u00e9ration des Chambres Saoudiennes. Au programme du forum, figurent des pr\u00e9sentations sur le climat des affaires au Maroc et en Arabie Saoudite, une session sur les opportunit\u00e9s d&#8217;investissement dans les deux pays, une r\u00e9union du Conseil conjoint des affaires saoudo-marocain, ainsi que des rencontres sectorielles et B2B, et des visites de terrain, a indiqu\u00e9 la CGEM dans un communiqu\u00e9.<\/p>\n\n\n\n<p>La CGEM a indiqu\u00e9 que la mission \u00e9conomique marocaine, qui comprendra une centaine d&#8217;hommes d&#8217;affaires et d&#8217;entrepreneurs marocains, vise \u00e0 explorer les opportunit\u00e9s d&#8217;investissement entre les entreprises marocaines et saoudiennes dans divers secteurs, notamment l&#8217;agriculture, l&#8217;industrie, la finance, les \u00e9nergies renouvelables, l&#8217;immobilier, la construction, les services, la sant\u00e9 et la technologie.<\/p>\n\n\n\n<p><strong>Y. E. H.<\/strong><\/p>\n","protected":false},"excerpt":{"rendered":"<p>Un forum \u00e9conomique maroco-saoudien sera organis\u00e9 \u00e0 Riyad les 21 et 22 janvier courant par la Conf\u00e9d\u00e9ration G\u00e9n\u00e9rale des Entreprises du Maroc (CGEM) en coop\u00e9ration avec la F\u00e9d\u00e9ration des Chambres Saoudiennes. Au programme du forum, figurent des pr\u00e9sentations sur le climat des affaires au Maroc et en Arabie Saoudite, une session sur les opportunit\u00e9s d&#8217;investissement &hellip;<\/p>\n","protected":false},"author":9,"featured_media":26770,"comment_status":"open","ping_status":"closed","sticky":false,"template":"","format":"standard","meta":{"footnotes":""},"categories":[201],"tags":[],"class_list":["post-26769","post","type-post","status-publish","format-standard","has-post-thumbnail","hentry","category-affaires"],"_links":{"self":[{"href":"https:\/\/letempsmag.ma\/index.php?rest_route=\/wp\/v2\/posts\/26769","targetHints":{"allow":["GET"]}}],"collection":[{"href":"https:\/\/letempsmag.ma\/index.php?rest_route=\/wp\/v2\/posts"}],"about":[{"href":"https:\/\/letempsmag.ma\/index.php?rest_route=\/wp\/v2\/types\/post"}],"author":[{"embeddable":true,"href":"https:\/\/letempsmag.ma\/index.php?rest_route=\/wp\/v2\/users\/9"}],"replies":[{"embeddable":true,"href":"https:\/\/letempsmag.ma\/index.php?rest_route=%2Fwp%2Fv2%2Fcomments&post=26769"}],"version-history":[{"count":1,"href":"https:\/\/letempsmag.ma\/index.php?rest_route=\/wp\/v2\/posts\/26769\/revisions"}],"predecessor-version":[{"id":26771,"href":"https:\/\/letempsmag.ma\/index.php?rest_route=\/wp\/v2\/posts\/26769\/revisions\/26771"}],"wp:featuredmedia":[{"embeddable":true,"href":"https:\/\/letempsmag.ma\/index.php?rest_route=\/wp\/v2\/media\/26770"}],"wp:attachment":[{"href":"https:\/\/letempsmag.ma\/index.php?rest_route=%2Fwp%2Fv2%2Fmedia&parent=26769"}],"wp:term":[{"taxonomy":"category","embeddable":true,"href":"https:\/\/letempsmag.ma\/index.php?rest_route=%2Fwp%2Fv2%2Fcategories&post=26769"},{"taxonomy":"post_tag","embeddable":true,"href":"https:\/\/letempsmag.ma\/index.php?rest_route=%2Fwp%2Fv2%2Ftags&post=26769"}],"curies":[{"name":"wp","href":"https:\/\/api.w.org\/{rel}","templated":true}]}}