{"id":26719,"date":"2024-01-04T11:10:17","date_gmt":"2024-01-04T10:10:17","guid":{"rendered":"https:\/\/letempsmag.ma\/?p=26719"},"modified":"2024-01-04T11:10:18","modified_gmt":"2024-01-04T10:10:18","slug":"la-cnss-fait-une-importante-annonce-2","status":"publish","type":"post","link":"https:\/\/letempsmag.ma\/?p=26719","title":{"rendered":"La CNSS fait une importante annonce"},"content":{"rendered":"\n<p>La Caisse Nationale de S\u00e9curit\u00e9 Sociale (CNSS) informe toutes les personnes n\u2019exer\u00e7ant aucune activit\u00e9 r\u00e9mun\u00e9r\u00e9e ou non r\u00e9mun\u00e9r\u00e9e et capables de s\u2019acquitter des cotisations \u00e0 l\u2019AMO (Assurance Maladie Obligatoire), qu\u2019elles peuvent s\u2019inscrire au r\u00e9gime facultatif \u00abAMO Achamil\u00bb \u00e0 partir de d\u00e9but janvier 2024. Ceci, en application des dispositions de la loi \u00ab60.22\u00bb leur accordant le droit de b\u00e9n\u00e9ficier de ce r\u00e9gime si elles remplissent les conditions suivantes&nbsp;:<\/p>\n\n\n\n<p>&#8211; Le demandeur et ses ayants droit doivent \u00eatre inscrits au RSU (Registre Social Unifi\u00e9).<\/p>\n\n\n\n<p>&#8211; Il doit disposer d\u2019un score sup\u00e9rieur au seuil ouvrant droit \u00e0 l\u2019\u00abAMO Tadamon\u00bb.<\/p>\n\n\n\n<p>&#8211; Il ne doit pas \u00eatre assujetti \u00e0 un autre r\u00e9gime d&#8217;assurance maladie obligatoire.<\/p>\n\n\n\n<p>Pour b\u00e9n\u00e9ficier des prestations d\u2019\u00abAMO Achamil\u00bb, les personnes remplissant les conditions ci-dessus peuvent introduire leurs demandes sur le portail \u00abwww.macnss.ma\u00bb en renseignant les informations suivantes sur le formulaire d\u00e9di\u00e9 \u00e0 cet effet&nbsp;:<\/p>\n\n\n\n<p>&#8211; Le num\u00e9ro de la carte nationale d\u2019identit\u00e9 \u00e9lectronique (CNIE) ou le num\u00e9ro de la carte de s\u00e9jour.<\/p>\n\n\n\n<p>&#8211; L\u2019identifiant digital civil et social.<\/p>\n\n\n\n<p>&#8211; Le RIB.<\/p>\n\n\n\n<p>&#8211; Le num\u00e9ro de t\u00e9l\u00e9phone.<\/p>\n\n\n\n<p>&#8211; L\u2019adresse email, le cas \u00e9ch\u00e9ant.<\/p>\n\n\n\n<p>&#8211; Autres informations.<\/p>\n\n\n\n<p>Apr\u00e8s la r\u00e9ception de la demande de b\u00e9n\u00e9fice remplie sur le portail et la v\u00e9rification des conditions pr\u00e9cit\u00e9es, la CNSS proc\u00e8de \u00e0 l\u2019immatriculation du demandeur, l\u2019informe \u00e0 travers les moyens \u00e9lectroniques disponibles et met \u00e0 sa disposition les donn\u00e9es n\u00e9cessaires pour acc\u00e9der \u00e0 son espace priv\u00e9 sur le portail, en plus d\u2019une attestation d\u2019immatriculation qui comprend le montant des cotisations mensuelles dues.<\/p>\n\n\n\n<p>Le montant des cotisations mensuelles est d\u00e9termin\u00e9 en fonction du score attribu\u00e9 par le RSU. Ce montant est payable mensuellement \u00e0 partir du premier jour du mois d\u00fb, \u00e0 travers le pr\u00e9l\u00e8vement bancaire du compte d\u00e9clar\u00e9 lors de l\u2019inscription sur le portail \u00abwww.macnss.ma\u00bb.<\/p>\n\n\n\n<p>Enfin, il est \u00e0 noter que l\u2019ouverture de droit pour le b\u00e9n\u00e9fice de la couverture m\u00e9dicale au titre de ce r\u00e9gime est li\u00e9e au paiement pr\u00e9alable des cotisations dues.<\/p>\n\n\n\n<p>Pour plus d\u2019informations, la CNSS met \u00e0 disposition le num\u00e9ro d\u2019appel suivant&nbsp;: \u00ab3939\u00bb.<\/p>\n","protected":false},"excerpt":{"rendered":"<p>La Caisse Nationale de S\u00e9curit\u00e9 Sociale (CNSS) informe toutes les personnes n\u2019exer\u00e7ant aucune activit\u00e9 r\u00e9mun\u00e9r\u00e9e ou non r\u00e9mun\u00e9r\u00e9e et capables de s\u2019acquitter des cotisations \u00e0 l\u2019AMO (Assurance Maladie Obligatoire), qu\u2019elles peuvent s\u2019inscrire au r\u00e9gime facultatif \u00abAMO Achamil\u00bb \u00e0 partir de d\u00e9but janvier 2024. Ceci, en application des dispositions de la loi \u00ab60.22\u00bb leur accordant le &hellip;<\/p>\n","protected":false},"author":9,"featured_media":26720,"comment_status":"open","ping_status":"closed","sticky":false,"template":"","format":"standard","meta":{"footnotes":""},"categories":[141],"tags":[],"class_list":["post-26719","post","type-post","status-publish","format-standard","has-post-thumbnail","hentry","category-protection-sociale"],"_links":{"self":[{"href":"https:\/\/letempsmag.ma\/index.php?rest_route=\/wp\/v2\/posts\/26719","targetHints":{"allow":["GET"]}}],"collection":[{"href":"https:\/\/letempsmag.ma\/index.php?rest_route=\/wp\/v2\/posts"}],"about":[{"href":"https:\/\/letempsmag.ma\/index.php?rest_route=\/wp\/v2\/types\/post"}],"author":[{"embeddable":true,"href":"https:\/\/letempsmag.ma\/index.php?rest_route=\/wp\/v2\/users\/9"}],"replies":[{"embeddable":true,"href":"https:\/\/letempsmag.ma\/index.php?rest_route=%2Fwp%2Fv2%2Fcomments&post=26719"}],"version-history":[{"count":1,"href":"https:\/\/letempsmag.ma\/index.php?rest_route=\/wp\/v2\/posts\/26719\/revisions"}],"predecessor-version":[{"id":26721,"href":"https:\/\/letempsmag.ma\/index.php?rest_route=\/wp\/v2\/posts\/26719\/revisions\/26721"}],"wp:featuredmedia":[{"embeddable":true,"href":"https:\/\/letempsmag.ma\/index.php?rest_route=\/wp\/v2\/media\/26720"}],"wp:attachment":[{"href":"https:\/\/letempsmag.ma\/index.php?rest_route=%2Fwp%2Fv2%2Fmedia&parent=26719"}],"wp:term":[{"taxonomy":"category","embeddable":true,"href":"https:\/\/letempsmag.ma\/index.php?rest_route=%2Fwp%2Fv2%2Fcategories&post=26719"},{"taxonomy":"post_tag","embeddable":true,"href":"https:\/\/letempsmag.ma\/index.php?rest_route=%2Fwp%2Fv2%2Ftags&post=26719"}],"curies":[{"name":"wp","href":"https:\/\/api.w.org\/{rel}","templated":true}]}}