{"id":2670,"date":"2021-04-30T08:50:34","date_gmt":"2021-04-30T08:50:34","guid":{"rendered":"https:\/\/letempsmag.ma\/?p=2670"},"modified":"2021-04-30T08:50:35","modified_gmt":"2021-04-30T08:50:35","slug":"le-president-de-la-cndp-insiste-sur-lesprit-et-la-lettre-de-la-loi-09-08","status":"publish","type":"post","link":"https:\/\/letempsmag.ma\/?p=2670","title":{"rendered":"Le Pr\u00e9sident de la CNDP insiste sur l\u2019esprit et la lettre de la loi \u00ab09-08\u00bb"},"content":{"rendered":"\n<p>La protection des donn\u00e9es personnelles signifie de ne garantir l\u2019acc\u00e8s \u00e0 ces informations que pour les parties autoris\u00e9es et pr\u00e9venir leur exploitation \u00e0 des fins autres que celles ayant pr\u00e9sid\u00e9 \u00e0 leur collecte. C\u2019est ce qu\u2019a soulign\u00e9 hier jeudi \u00e0 Rabat, Omar Seghrouchni, Pr\u00e9sident de la Commission nationale de contr\u00f4le de la Protection des Donn\u00e9es \u00e0 caract\u00e8re Personnel (CNDP). Le but derri\u00e8re la protection de ces donn\u00e9es n&#8217;est point de restreindre la collecte ou l&#8217;acc\u00e8s aux informations personnelles, mais de veiller \u00e0 ce qu&#8217;elles ne soient accessibles que pour les parties autoris\u00e9es et qu&#8217;elles ne soient pas utilis\u00e9es \u00e0 des fins autres que celles pour lesquelles elles ont \u00e9t\u00e9 recueillies, a-t-il indiqu\u00e9 lors d&#8217;une rencontre organis\u00e9e par la CNDP au profit d\u2019\u00e9tudiants du cycle de la formation initiale de l&#8217;\u00c9cole Nationale Sup\u00e9rieure de l&#8217;Administration (ENSA) sous le th\u00e8me \u00abEnjeux strat\u00e9giques de l&#8217;information\u00bb.<\/p>\n\n\n\n<p>Le traitement des donn\u00e9es \u00e0 caract\u00e8re personnel passe par trois \u00e9tapes essentielles, \u00e0 savoir la collecte des donn\u00e9es sur la base d&#8217;un fondement juridique, leur traitement, puis leur destruction, a expliqu\u00e9 le haut responsable, notant que bien que la loi \u00ab09.08\u00bb relative \u00e0 la protection des personnes physiques \u00e0 l&#8217;\u00e9gard du traitement des donn\u00e9es \u00e0 caract\u00e8re personnel ait autoris\u00e9 les responsables du traitement de ces donn\u00e9es \u00e0 les collecter, elle les a emp\u00each\u00e9 de partager ces informations avec d&#8217;autres parties sans autorisation pr\u00e9alable. \u00c0 cet \u00e9gard, Omar Seghrouchni a rappel\u00e9 que la CNDP a lanc\u00e9 un ensemble de programmes visant, d&#8217;une part, \u00e0 accompagner ses partenaires pour se conformer \u00e0 la loi \u00ab09.08\u00bb et assimiler leurs d\u00e9fis relatifs \u00e0 l&#8217;information, leurs besoins et objectifs en mati\u00e8re de traitement des donn\u00e9es, d&#8217;autre part. Il a aussi relev\u00e9 que le traitement de ces donn\u00e9es est un domaine complexe du fait qu\u2019il est \u00e9troitement li\u00e9 \u00e0 la digitalisation, <em>\u00abun enjeu strat\u00e9gique indiscutable\u00bb<\/em>, pr\u00e9cisant par ailleurs que la protection des donn\u00e9es personnelles est la pierre angulaire de toute politique de transformation digitale.<\/p>\n\n\n\n<p>Omar Seghrouchni a pr\u00e9sent\u00e9, \u00e0 cette occasion, un expos\u00e9 sur les missions de la CNDP et de la Commission du Droit d&#8217;Acc\u00e8s \u00e0 l&#8217;Information (CDAI) pour garantir le respect des libert\u00e9s et des droits fondamentaux des personnes physiques \u00e0 l&#8217;\u00e9gard du traitement des donn\u00e9es personnelles et la bonne pratique du droit d\u2019acc\u00e8s \u00e0 l&#8217;information.<\/p>\n\n\n\n<p>Pr\u00e9cisons qu\u2019en marge de cette rencontre, une convention de partenariat a \u00e9t\u00e9 sign\u00e9e entre le CNDP et l\u2019ENSA, relative \u00e0 l&#8217;activation du programme \u00abData-Tika\u00bb. Sign\u00e9e par Omar Seghrouchni et le Directeur G\u00e9n\u00e9ral de l&#8217;ENSA, Rachid Meliani, la convention entend consacrer la culture de la protection des donn\u00e9es personnelles au niveau de l\u2019\u00c9cole ainsi que son aspect pratique tout en accompagnant l\u2019\u00e9tablissement pour se conformer \u00e0 la loi \u00ab09-08\u00bb. Lanc\u00e9 par la CNDP en juillet 2020, le programme \u00abData-Tika\u00bb vise \u00e0 d\u00e9finir les leviers n\u00e9cessaires pour l&#8217;\u00e9mergence d&#8217;une \u00e9conomie de la donn\u00e9e et la place occup\u00e9e par les donn\u00e9es \u00e0 caract\u00e8re personnel. Il r\u00e9pond \u00e0 la question de savoir comment valoriser l\u2019actif data existant et les m\u00e9canismes de protection \u00e0 envisager pour assurer \u00e0 la fois le respect de la vie priv\u00e9e, l&#8217;encouragement de l&#8217;innovation et la promotion de l&#8217;investissement. Le programme aborde \u00e9galement la question d\u2019appr\u00e9hender la limite entre vie priv\u00e9e et vie publique et entre donn\u00e9es personnelles et donn\u00e9es non personnelles.<\/p>\n","protected":false},"excerpt":{"rendered":"<p>La protection des donn\u00e9es personnelles signifie de ne garantir l\u2019acc\u00e8s \u00e0 ces informations que pour les parties autoris\u00e9es et pr\u00e9venir leur exploitation \u00e0 des fins autres que celles ayant pr\u00e9sid\u00e9 \u00e0 leur collecte. C\u2019est ce qu\u2019a soulign\u00e9 hier jeudi \u00e0 Rabat, Omar Seghrouchni, Pr\u00e9sident de la Commission nationale de contr\u00f4le de la Protection des Donn\u00e9es &hellip;<\/p>\n","protected":false},"author":9,"featured_media":2671,"comment_status":"open","ping_status":"closed","sticky":false,"template":"","format":"standard","meta":{"footnotes":""},"categories":[186],"tags":[],"class_list":["post-2670","post","type-post","status-publish","format-standard","has-post-thumbnail","hentry","category-donnees-personnelles"],"_links":{"self":[{"href":"https:\/\/letempsmag.ma\/index.php?rest_route=\/wp\/v2\/posts\/2670","targetHints":{"allow":["GET"]}}],"collection":[{"href":"https:\/\/letempsmag.ma\/index.php?rest_route=\/wp\/v2\/posts"}],"about":[{"href":"https:\/\/letempsmag.ma\/index.php?rest_route=\/wp\/v2\/types\/post"}],"author":[{"embeddable":true,"href":"https:\/\/letempsmag.ma\/index.php?rest_route=\/wp\/v2\/users\/9"}],"replies":[{"embeddable":true,"href":"https:\/\/letempsmag.ma\/index.php?rest_route=%2Fwp%2Fv2%2Fcomments&post=2670"}],"version-history":[{"count":1,"href":"https:\/\/letempsmag.ma\/index.php?rest_route=\/wp\/v2\/posts\/2670\/revisions"}],"predecessor-version":[{"id":2672,"href":"https:\/\/letempsmag.ma\/index.php?rest_route=\/wp\/v2\/posts\/2670\/revisions\/2672"}],"wp:featuredmedia":[{"embeddable":true,"href":"https:\/\/letempsmag.ma\/index.php?rest_route=\/wp\/v2\/media\/2671"}],"wp:attachment":[{"href":"https:\/\/letempsmag.ma\/index.php?rest_route=%2Fwp%2Fv2%2Fmedia&parent=2670"}],"wp:term":[{"taxonomy":"category","embeddable":true,"href":"https:\/\/letempsmag.ma\/index.php?rest_route=%2Fwp%2Fv2%2Fcategories&post=2670"},{"taxonomy":"post_tag","embeddable":true,"href":"https:\/\/letempsmag.ma\/index.php?rest_route=%2Fwp%2Fv2%2Ftags&post=2670"}],"curies":[{"name":"wp","href":"https:\/\/api.w.org\/{rel}","templated":true}]}}