{"id":26674,"date":"2024-01-02T09:40:12","date_gmt":"2024-01-02T08:40:12","guid":{"rendered":"https:\/\/letempsmag.ma\/?p=26674"},"modified":"2024-01-02T09:40:13","modified_gmt":"2024-01-02T08:40:13","slug":"la-maison-de-lartisan-surfe-sur-une-bonne-vague","status":"publish","type":"post","link":"https:\/\/letempsmag.ma\/?p=26674","title":{"rendered":"La Maison de l\u2019Artisan surfe sur une bonne vague"},"content":{"rendered":"\n<p>La Maison de l\u2019Artisan a tenu son Conseil d\u2019administration, le 27 d\u00e9cembre dernier, sous la pr\u00e9sidence de Fatim-Zahra Ammor, Ministre du Tourisme, de l\u2019Artisanat et de l\u2019\u00c9conomie sociale et solidaire.<\/p>\n\n\n\n<p>Dans son intervention \u00e0 cette occasion, la haute responsable a d\u00e9clar\u00e9&nbsp;: \u00abLes actions de promotion, les partenariats commerciaux strat\u00e9giques que nous avons sign\u00e9s, ainsi que la mobilisation de tous les partenaires publics et priv\u00e9s ont port\u00e9 leurs fruits. Pour la deuxi\u00e8me ann\u00e9e cons\u00e9cutive, le secteur de l\u2019artisanat maintient ses performances exceptionnelles, avec un record de 984 millions de DH \u00e0 fin novembre 2023, soit une \u00e9volution de +7% par rapport \u00e0 la m\u00eame p\u00e9riode de 2022. En 2024, l\u2019accent sera mis sur le renforcement des actions commerciales et promotionnelles ainsi que sur l\u2019am\u00e9lioration de la comp\u00e9titivit\u00e9 des acteurs afin d\u2019acc\u00e9l\u00e9rer nos exportations\u00bb.<\/p>\n\n\n\n<p>Le Directeur G\u00e9n\u00e9ral de la Maison de l\u2019Artisan, Tarik Sadik, a pour sa part pr\u00e9sent\u00e9 les principales r\u00e9alisations au titre de l\u2019ann\u00e9e 2023, en particulier le lancement des programmes d\u2019appui con\u00e7us pour am\u00e9liorer la comp\u00e9titivit\u00e9 d\u2019une large frange d\u2019artisans. Il s\u2019agit du programme d\u2019accompagnement des exportateurs, du programme d\u2019accompagnement des agr\u00e9gateurs ainsi que du programme des centres d\u2019excellence.<\/p>\n\n\n\n<p>Le Conseil d\u2019administration s\u2019est \u00e9galement enquis de l\u2019\u00e9tat d\u2019avancement du d\u00e9ploiement du dispositif de Market Intelligence ainsi que du Barom\u00e8tre des exportations de l&#8217;artisanat marocain, qui permettent de mieux cerner la demande des march\u00e9s et d&#8217;identifier les principales tendances du secteur afin de rester en ad\u00e9quation avec les \u00e9volutions du march\u00e9 mondial.<\/p>\n\n\n\n<p>Les membres du Conseil ont par ailleurs pris acte de l\u2019\u00e9tat d\u2019avancement du d\u00e9ploiement du programme d\u2019urgence pour l\u2019accompagnement des artisans impact\u00e9s par le s\u00e9isme d\u2019Al Haouz, des orientations du plan d\u2019action de la Maison de l\u2019Artisan pour l\u2019ann\u00e9e 2024 et ont adopt\u00e9 le budget de l\u2019\u00e9tablissement au titre de la m\u00eame ann\u00e9e.<\/p>\n","protected":false},"excerpt":{"rendered":"<p>La Maison de l\u2019Artisan a tenu son Conseil d\u2019administration, le 27 d\u00e9cembre dernier, sous la pr\u00e9sidence de Fatim-Zahra Ammor, Ministre du Tourisme, de l\u2019Artisanat et de l\u2019\u00c9conomie sociale et solidaire. Dans son intervention \u00e0 cette occasion, la haute responsable a d\u00e9clar\u00e9&nbsp;: \u00abLes actions de promotion, les partenariats commerciaux strat\u00e9giques que nous avons sign\u00e9s, ainsi que &hellip;<\/p>\n","protected":false},"author":9,"featured_media":26675,"comment_status":"open","ping_status":"closed","sticky":false,"template":"","format":"standard","meta":{"footnotes":""},"categories":[1219],"tags":[],"class_list":["post-26674","post","type-post","status-publish","format-standard","has-post-thumbnail","hentry","category-bilan-2023"],"_links":{"self":[{"href":"https:\/\/letempsmag.ma\/index.php?rest_route=\/wp\/v2\/posts\/26674","targetHints":{"allow":["GET"]}}],"collection":[{"href":"https:\/\/letempsmag.ma\/index.php?rest_route=\/wp\/v2\/posts"}],"about":[{"href":"https:\/\/letempsmag.ma\/index.php?rest_route=\/wp\/v2\/types\/post"}],"author":[{"embeddable":true,"href":"https:\/\/letempsmag.ma\/index.php?rest_route=\/wp\/v2\/users\/9"}],"replies":[{"embeddable":true,"href":"https:\/\/letempsmag.ma\/index.php?rest_route=%2Fwp%2Fv2%2Fcomments&post=26674"}],"version-history":[{"count":1,"href":"https:\/\/letempsmag.ma\/index.php?rest_route=\/wp\/v2\/posts\/26674\/revisions"}],"predecessor-version":[{"id":26676,"href":"https:\/\/letempsmag.ma\/index.php?rest_route=\/wp\/v2\/posts\/26674\/revisions\/26676"}],"wp:featuredmedia":[{"embeddable":true,"href":"https:\/\/letempsmag.ma\/index.php?rest_route=\/wp\/v2\/media\/26675"}],"wp:attachment":[{"href":"https:\/\/letempsmag.ma\/index.php?rest_route=%2Fwp%2Fv2%2Fmedia&parent=26674"}],"wp:term":[{"taxonomy":"category","embeddable":true,"href":"https:\/\/letempsmag.ma\/index.php?rest_route=%2Fwp%2Fv2%2Fcategories&post=26674"},{"taxonomy":"post_tag","embeddable":true,"href":"https:\/\/letempsmag.ma\/index.php?rest_route=%2Fwp%2Fv2%2Ftags&post=26674"}],"curies":[{"name":"wp","href":"https:\/\/api.w.org\/{rel}","templated":true}]}}