{"id":26609,"date":"2023-12-28T10:43:08","date_gmt":"2023-12-28T09:43:08","guid":{"rendered":"https:\/\/letempsmag.ma\/?p=26609"},"modified":"2023-12-28T11:59:04","modified_gmt":"2023-12-28T10:59:04","slug":"le-radisson-blu-marrakech-se-surpasse-pour-celebrer-la-fin-dannee","status":"publish","type":"post","link":"https:\/\/letempsmag.ma\/?p=26609","title":{"rendered":"Le Radisson Blu Marrakech se surpasse pour c\u00e9l\u00e9brer la fin d\u2019ann\u00e9e"},"content":{"rendered":"\n<p>Une ann\u00e9e pleine d\u2019\u00e9motions et de rebondissements pour le Radisson Blu Hotel Marrakech Carr\u00e9 \u00c9den qui reste, malgr\u00e9 les \u00abup &amp; down\u00bb sur une occupation annuelle de 80% et en fait profiter clients, salari\u00e9s et communaut\u00e9s. L\u2019embl\u00e9matique \u00e9tablissement 5 \u00e9toiles, en plein c\u0153ur du Gu\u00e9liz, termine en effet l\u2019ann\u00e9e en beaut\u00e9 avec des festivit\u00e9s pr\u00e9vues au sein de son Lila Bar et Restaurant, au son du d\u00e9sormais c\u00e9l\u00e8bre \u00abLila Live Band\u00bb.<\/p>\n\n\n\n<p>Un menu gastronomique concoct\u00e9 par le Chef Ex\u00e9cutif Younes Trini et le Chef P\u00e2tissier Mouad Abdessadek, attend les convives pour la soir\u00e9e du R\u00e9veillon, le 31 d\u00e9cembre. Un menu imp\u00e9rial dont voici quelques exemples qui vont d\u2019ores et d\u00e9j\u00e0 exciter les papilles&nbsp;: Tartare de Saint-Jacques, Saumon aux fruits de la passion, Ravioles Oxtail aux c\u00e8pes, Brisures de noisettes torr\u00e9fi\u00e9es, Loup Bar p\u00f4\u00e9l\u00e9 , Asperges Josper, Fenouil brais\u00e9, C\u0153ur de filet de b\u0153uf r\u00f4ti avec sauce aux truffes, \u00e9chalottes confites, mille-feuilles de pommes de terre Primeur, Noix de coco d\u00e9guis\u00e9e, Cr\u00e9meux chocolat, Marmelade de mangue ananas, \u00e9cume ti\u00e8de exotique\u2026 Ouf&nbsp;! Les gourmets les plus exigeants seront plus que combl\u00e9s.<\/p>\n\n\n\n<p>Malgr\u00e9 tous les al\u00e9as de cette ann\u00e9e, 2023 aura \u00e9t\u00e9 pour l\u2019\u00e9tablissement une ann\u00e9e riche en \u00e9v\u00e9nements de tous types, sous la houlette de son Directeur G\u00e9n\u00e9ral, Fabrice Castellorizios (photo). D\u2019abord, la r\u00e9novation compl\u00e8te de la piscine aquarium (la seule du genre \u00e0 Marrakech), des chambres, salles de bain et des espaces publiques. D\u2019autres \u00e9v\u00e9nements palpitants sont \u00e0 citer\u00a0: l\u2019implantation du chocolat Suisse dans la Lila P\u00e2tisserie, le partenariat avec Kriss Boxing dans Lila Fitness &amp; Spa, la venue de c\u00e9l\u00e8bres Chefs \u00e9toil\u00e9s internationaux lors d\u2019une r\u00e9cente soir\u00e9e gastronomique maroco-fran\u00e7aise au profit des villages sinistr\u00e9s de SOS Villages d\u2019Enfants Maroc\u2026<\/p>\n\n\n\n<p>Et toujours de la responsabilit\u00e9 sociale et solidaire, en partenariat parfois avec des associations locales avec notamment les expositions des photos des femmes photographes du Mus\u00e9e de la Femme de Marrakech, de tableaux r\u00e9alis\u00e9s par les patientes de l\u2019Association Chams pour la Sant\u00e9 Mentale dans le cadre de ses actions avec l\u2019h\u00f4pital Mohammed VI et, actuellement, l\u2019installation d\u2019une tr\u00e8s belle \u0153uvre d\u2019art de l\u2019artiste Rim La\u00e2bi. Le vernissage s\u2019inscrit \u00e9galement dans la mise en place progressive d\u2019un nouveau savoir-\u00eatre professionnel avec, \u00e9galement, cette ann\u00e9e, l\u2019ouverture de la Lila Nurserie d\u00e9di\u00e9e aux enfants des membres des \u00e9quipes de l\u2019h\u00f4tel. Cette initiative a permis \u00e0 l\u2019h\u00f4tel de remporter un prestigieux \u00abHospitality Award\u00bb \u00e0 Paris. Un autre Prix a \u00e9t\u00e9 d\u00e9cern\u00e9 pour la bonne gestion du tragique tremblement de terre et pour toute les actions \u00abResponsible Business\u00bb men\u00e9es vis \u00e0 vis des \u00e9quipes et des communaut\u00e9s les plus touch\u00e9es.<\/p>\n\n\n\n<p>Le Radisson Blu Hotel Marrakech Carr\u00e9 Eden met \u0153uvre, plus que jamais, son slogan \u00abYes I Can!\u00bb pour faire vivre, toujours plus fort, des moments m\u00e9morables \u00e0 ses h\u00f4tes, ses salari\u00e9s et ses partenaires.<\/p>\n","protected":false},"excerpt":{"rendered":"<p>Une ann\u00e9e pleine d\u2019\u00e9motions et de rebondissements pour le Radisson Blu Hotel Marrakech Carr\u00e9 \u00c9den qui reste, malgr\u00e9 les \u00abup &amp; down\u00bb sur une occupation annuelle de 80% et en fait profiter clients, salari\u00e9s et communaut\u00e9s. L\u2019embl\u00e9matique \u00e9tablissement 5 \u00e9toiles, en plein c\u0153ur du Gu\u00e9liz, termine en effet l\u2019ann\u00e9e en beaut\u00e9 avec des festivit\u00e9s pr\u00e9vues &hellip;<\/p>\n","protected":false},"author":9,"featured_media":26610,"comment_status":"open","ping_status":"closed","sticky":false,"template":"","format":"standard","meta":{"footnotes":""},"categories":[1218],"tags":[],"class_list":["post-26609","post","type-post","status-publish","format-standard","has-post-thumbnail","hentry","category-reveillon"],"_links":{"self":[{"href":"https:\/\/letempsmag.ma\/index.php?rest_route=\/wp\/v2\/posts\/26609","targetHints":{"allow":["GET"]}}],"collection":[{"href":"https:\/\/letempsmag.ma\/index.php?rest_route=\/wp\/v2\/posts"}],"about":[{"href":"https:\/\/letempsmag.ma\/index.php?rest_route=\/wp\/v2\/types\/post"}],"author":[{"embeddable":true,"href":"https:\/\/letempsmag.ma\/index.php?rest_route=\/wp\/v2\/users\/9"}],"replies":[{"embeddable":true,"href":"https:\/\/letempsmag.ma\/index.php?rest_route=%2Fwp%2Fv2%2Fcomments&post=26609"}],"version-history":[{"count":3,"href":"https:\/\/letempsmag.ma\/index.php?rest_route=\/wp\/v2\/posts\/26609\/revisions"}],"predecessor-version":[{"id":26626,"href":"https:\/\/letempsmag.ma\/index.php?rest_route=\/wp\/v2\/posts\/26609\/revisions\/26626"}],"wp:featuredmedia":[{"embeddable":true,"href":"https:\/\/letempsmag.ma\/index.php?rest_route=\/wp\/v2\/media\/26610"}],"wp:attachment":[{"href":"https:\/\/letempsmag.ma\/index.php?rest_route=%2Fwp%2Fv2%2Fmedia&parent=26609"}],"wp:term":[{"taxonomy":"category","embeddable":true,"href":"https:\/\/letempsmag.ma\/index.php?rest_route=%2Fwp%2Fv2%2Fcategories&post=26609"},{"taxonomy":"post_tag","embeddable":true,"href":"https:\/\/letempsmag.ma\/index.php?rest_route=%2Fwp%2Fv2%2Ftags&post=26609"}],"curies":[{"name":"wp","href":"https:\/\/api.w.org\/{rel}","templated":true}]}}