{"id":26606,"date":"2023-12-28T10:42:12","date_gmt":"2023-12-28T09:42:12","guid":{"rendered":"https:\/\/letempsmag.ma\/?p=26606"},"modified":"2023-12-28T10:42:13","modified_gmt":"2023-12-28T09:42:13","slug":"defacto-devoile-une-collection-eblouissante-pour-le-nouvel-an","status":"publish","type":"post","link":"https:\/\/letempsmag.ma\/?p=26606","title":{"rendered":"DeFacto d\u00e9voile une collection \u00e9blouissante pour le Nouvel An"},"content":{"rendered":"\n<p>Alors que la saison des f\u00eates bat son plein, DeFacto pr\u00e9sente sa collection \u00e9tincelante pour le Nouvel An o\u00f9 l&#8217;\u00e9l\u00e9gance sportive rencontre le confort intemporel des tenues classiques. Inspir\u00e9e par l&#8217;\u00e9clat des c\u00e9l\u00e9brations du R\u00e9veillon, cette collection se pare de designs orn\u00e9s de sequins, de paillettes et de gemmes, parfaits pour accueillir la nouvelle ann\u00e9e avec \u00e9clat et \u00e9l\u00e9gance.<\/p>\n\n\n\n<p>La collection met en lumi\u00e8re une sophistication sportive associ\u00e9e \u00e0 la douceur r\u00e9confortante des v\u00eatements traditionnels, revisit\u00e9s pour la saison festive. Elle propose une s\u00e9lection d&#8217;articles dans des nuances m\u00e9talliques, tendance de la saison, ainsi que dans des couleurs festives classiques telles que le rouge, le noir et le vert. Les tissus phares comme les satins lustr\u00e9s et les velours moelleux sont mis en avant, tandis que les motifs \u00e0 carreaux s&#8217;affirment comme un classique indispensable de toutes les \u00e9poques. Les tissus en dentelle sont \u00e9galement \u00e0 l&#8217;honneur dans les collections pour femmes et enfants, ajoutant une touche de d\u00e9licatesse et d&#8217;\u00e9l\u00e9gance \u00e0 cette gamme festive.<\/p>\n\n\n\n<p>Dans cette collection, le porteur est invit\u00e9 \u00e0 exp\u00e9rimenter le m\u00e9lange de raffinement d\u00e9contract\u00e9 et d\u2019esprit festif. Les v\u00eatements sont confectionn\u00e9s pour intensifier la joie des festivit\u00e9s de saison, avec une conception qui allie style exub\u00e9rant et confort absolu. Que ce soit pour c\u00e9l\u00e9brer en famille ou pour participer aux soir\u00e9es du R\u00e9veillon les plus glamour, la collection du Nouvel An de DeFacto est cr\u00e9\u00e9e pour assurer que vous et votre famille entamiez la nouvelle ann\u00e9e sous le signe de l&#8217;\u00e9l\u00e9gance et du bien-\u00eatre.<\/p>\n","protected":false},"excerpt":{"rendered":"<p>Alors que la saison des f\u00eates bat son plein, DeFacto pr\u00e9sente sa collection \u00e9tincelante pour le Nouvel An o\u00f9 l&#8217;\u00e9l\u00e9gance sportive rencontre le confort intemporel des tenues classiques. Inspir\u00e9e par l&#8217;\u00e9clat des c\u00e9l\u00e9brations du R\u00e9veillon, cette collection se pare de designs orn\u00e9s de sequins, de paillettes et de gemmes, parfaits pour accueillir la nouvelle ann\u00e9e &hellip;<\/p>\n","protected":false},"author":9,"featured_media":26607,"comment_status":"open","ping_status":"closed","sticky":false,"template":"","format":"standard","meta":{"footnotes":""},"categories":[760],"tags":[],"class_list":["post-26606","post","type-post","status-publish","format-standard","has-post-thumbnail","hentry","category-mode"],"_links":{"self":[{"href":"https:\/\/letempsmag.ma\/index.php?rest_route=\/wp\/v2\/posts\/26606","targetHints":{"allow":["GET"]}}],"collection":[{"href":"https:\/\/letempsmag.ma\/index.php?rest_route=\/wp\/v2\/posts"}],"about":[{"href":"https:\/\/letempsmag.ma\/index.php?rest_route=\/wp\/v2\/types\/post"}],"author":[{"embeddable":true,"href":"https:\/\/letempsmag.ma\/index.php?rest_route=\/wp\/v2\/users\/9"}],"replies":[{"embeddable":true,"href":"https:\/\/letempsmag.ma\/index.php?rest_route=%2Fwp%2Fv2%2Fcomments&post=26606"}],"version-history":[{"count":1,"href":"https:\/\/letempsmag.ma\/index.php?rest_route=\/wp\/v2\/posts\/26606\/revisions"}],"predecessor-version":[{"id":26608,"href":"https:\/\/letempsmag.ma\/index.php?rest_route=\/wp\/v2\/posts\/26606\/revisions\/26608"}],"wp:featuredmedia":[{"embeddable":true,"href":"https:\/\/letempsmag.ma\/index.php?rest_route=\/wp\/v2\/media\/26607"}],"wp:attachment":[{"href":"https:\/\/letempsmag.ma\/index.php?rest_route=%2Fwp%2Fv2%2Fmedia&parent=26606"}],"wp:term":[{"taxonomy":"category","embeddable":true,"href":"https:\/\/letempsmag.ma\/index.php?rest_route=%2Fwp%2Fv2%2Fcategories&post=26606"},{"taxonomy":"post_tag","embeddable":true,"href":"https:\/\/letempsmag.ma\/index.php?rest_route=%2Fwp%2Fv2%2Ftags&post=26606"}],"curies":[{"name":"wp","href":"https:\/\/api.w.org\/{rel}","templated":true}]}}