{"id":26600,"date":"2023-12-28T10:39:23","date_gmt":"2023-12-28T09:39:23","guid":{"rendered":"https:\/\/letempsmag.ma\/?p=26600"},"modified":"2023-12-28T10:39:24","modified_gmt":"2023-12-28T09:39:24","slug":"en-france-cest-desormais-la-prison-pour-quiconque-soutient-la-palestine","status":"publish","type":"post","link":"https:\/\/letempsmag.ma\/?p=26600","title":{"rendered":"En France, c\u2019est d\u00e9sormais la prison pour quiconque soutient la Palestine\u00a0!"},"content":{"rendered":"\n<p>Par ABDELHAK NAJIB<\/p>\n\n\n\n<p>Journaliste et Chroniqueur<\/p>\n\n\n\n<p>Voici un fait qui illustre la peur et la haine actuellement vou\u00e9es aux Arabes et aux Musulmans en Occident. Suite aux attaques de part et d\u2019autre entre Isra\u00ebl et les territoires palestiniens occup\u00e9s, le Ministre de la Justice fran\u00e7ais, \u00c9ric Dupond-Moretti, a affirm\u00e9 ceci&nbsp;: \u00abLes propos qui tendent \u00e0 inciter autrui \u00e0 porter un jugement favorable sur une infraction qualifi\u00e9e de terroriste, m\u00eame prononc\u00e9s dans le cadre d\u2019un d\u00e9bat d\u2019int\u00e9r\u00eat g\u00e9n\u00e9ral, sont constitutifs de l\u2019apologie de terrorisme\u00bb.C\u2019est ce qu\u2019a \u00e9crit le Ministre dans une Circulaire adress\u00e9e r\u00e9cemment \u00e0 toutes les instances concern\u00e9es. Autrement dit, personne ne peut plus donner son avis, ni commenter, ni d\u00e9fendre un point de vue autre que celui de d\u00e9signer les attaques des Palestiniens contre l\u2019\u00c9tat d\u2019Isra\u00ebl d\u2019\u00abactes terroristes\u00bb. Et ce, quels que puissent \u00eatre le lieu et l\u2019occasion dans lesquels sont \u00e9nonc\u00e9s ce point de vue ou cette prise de position. \u00c0 la radio, \u00e0 la t\u00e9l\u00e9vision, lors d\u2019une conf\u00e9rence, dans un d\u00e9bat, dans une r\u00e9union\u2026 Dire que la Palestine se d\u00e9fend est une incitation au \u00abterrorisme\u00bb. Dire qu\u2019Isra\u00ebl occupe tout un pays et r\u00e9duit au silence toutes ses populations est aussi un propos condamnable passible d\u2019au moins cinq de prison, sinon sept&nbsp;!<\/p>\n\n\n\n<p>Le minist\u00e8re fran\u00e7ais de la Justice pr\u00e9cise son raisonnement en affirmant ce qui suit&nbsp;: la tenue publique de propos vantant les attaques, en les pr\u00e9sentant comme une l\u00e9gitime r\u00e9sistance \u00e0 Isra\u00ebl, devront faire l\u2019objet de poursuites pour apologie du terrorisme. \u00c0 ceci, il faut ajouter \u00e9galement \u00abLa diffusion publique de messages incitant \u00e0 porter un jugement favorable sur le Hamas ou le Jihad islamique, en raison des attaques qu\u2019ils ont organis\u00e9es\u00bb.<\/p>\n\n\n\n<p>C\u2019est on ne peut plus clair. Isra\u00ebl a le droit de bombarder, de tuer avec des drones, d\u2019organiser des liquidations cibl\u00e9es, de tuer des femmes et des enfants, de d\u00e9truire les habitations de centaines de milliers de civils, mais personne ne peut le dire, et encore moins le d\u00e9noncer. Auquel cas, c\u2019est la prison qui fera taire tout le monde. Et si l\u2019on juge que les Palestiniens ont le droit de se d\u00e9fendre, alors on d\u00e9fend les terroristes et c\u2019est encore la prison qui fait le juge de paix.<\/p>\n\n\n\n<p>Ce n\u2019est pas seulement incroyable. C\u2019est si clair, si limpide, si assum\u00e9 et si d\u00e9complex\u00e9 qu\u2019on en perd le bon sens et toute vell\u00e9it\u00e9 de logique. Cela veut simplement dire que tout le monde doit soutenir l\u2019\u00c9tat d\u2019Isra\u00ebl et condamner la Palestine. Cela veut dire que plus personne n\u2019a le droit de penser autre chose que ce que lui dicte la R\u00e9publique fran\u00e7aise. Ce qui veut dire&nbsp;: o\u00f9 tu es avec Isra\u00ebl ou tu vas croupir dans une cellule. M\u00eame aux \u00c9tats-Unis, du temps de Georges Walker Bush, apr\u00e8s l\u2019effondrement des Twin Towers en 2001, l\u2019Administration am\u00e9ricaine n\u2019avait pas os\u00e9 pousser le bouchon aussi loin.&nbsp;<\/p>\n\n\n\n<p>La France navigue \u00e0 vue dans une n\u00e9gation totale de tout droit de penser autrement que ce que la R\u00e9publique \u00e9dicte. Cela porte un nom. L\u2019Histoire en a connu des exemples \u00e9difiants.<\/p>\n","protected":false},"excerpt":{"rendered":"<p>Par ABDELHAK NAJIB Journaliste et Chroniqueur Voici un fait qui illustre la peur et la haine actuellement vou\u00e9es aux Arabes et aux Musulmans en Occident. Suite aux attaques de part et d\u2019autre entre Isra\u00ebl et les territoires palestiniens occup\u00e9s, le Ministre de la Justice fran\u00e7ais, \u00c9ric Dupond-Moretti, a affirm\u00e9 ceci&nbsp;: \u00abLes propos qui tendent \u00e0 &hellip;<\/p>\n","protected":false},"author":9,"featured_media":26601,"comment_status":"open","ping_status":"closed","sticky":false,"template":"","format":"standard","meta":{"footnotes":""},"categories":[188],"tags":[],"class_list":["post-26600","post","type-post","status-publish","format-standard","has-post-thumbnail","hentry","category-chronique"],"_links":{"self":[{"href":"https:\/\/letempsmag.ma\/index.php?rest_route=\/wp\/v2\/posts\/26600","targetHints":{"allow":["GET"]}}],"collection":[{"href":"https:\/\/letempsmag.ma\/index.php?rest_route=\/wp\/v2\/posts"}],"about":[{"href":"https:\/\/letempsmag.ma\/index.php?rest_route=\/wp\/v2\/types\/post"}],"author":[{"embeddable":true,"href":"https:\/\/letempsmag.ma\/index.php?rest_route=\/wp\/v2\/users\/9"}],"replies":[{"embeddable":true,"href":"https:\/\/letempsmag.ma\/index.php?rest_route=%2Fwp%2Fv2%2Fcomments&post=26600"}],"version-history":[{"count":1,"href":"https:\/\/letempsmag.ma\/index.php?rest_route=\/wp\/v2\/posts\/26600\/revisions"}],"predecessor-version":[{"id":26602,"href":"https:\/\/letempsmag.ma\/index.php?rest_route=\/wp\/v2\/posts\/26600\/revisions\/26602"}],"wp:featuredmedia":[{"embeddable":true,"href":"https:\/\/letempsmag.ma\/index.php?rest_route=\/wp\/v2\/media\/26601"}],"wp:attachment":[{"href":"https:\/\/letempsmag.ma\/index.php?rest_route=%2Fwp%2Fv2%2Fmedia&parent=26600"}],"wp:term":[{"taxonomy":"category","embeddable":true,"href":"https:\/\/letempsmag.ma\/index.php?rest_route=%2Fwp%2Fv2%2Fcategories&post=26600"},{"taxonomy":"post_tag","embeddable":true,"href":"https:\/\/letempsmag.ma\/index.php?rest_route=%2Fwp%2Fv2%2Ftags&post=26600"}],"curies":[{"name":"wp","href":"https:\/\/api.w.org\/{rel}","templated":true}]}}