{"id":26465,"date":"2023-12-20T12:09:59","date_gmt":"2023-12-20T11:09:59","guid":{"rendered":"https:\/\/letempsmag.ma\/?p=26465"},"modified":"2023-12-20T12:10:00","modified_gmt":"2023-12-20T11:10:00","slug":"rim-laabi-presente-une-oeuvre-magistrale-au-radisson-blu-marrakech","status":"publish","type":"post","link":"https:\/\/letempsmag.ma\/?p=26465","title":{"rendered":"Rim Laabi pr\u00e9sente une \u0153uvre magistrale au Radisson Blu Marrakech"},"content":{"rendered":"\n<p>L&#8217;h\u00f4tel Radisson Blu Carr\u00e9 \u00c9den Marrakech a convi\u00e9 l&#8217;artiste plasticienne Rim Laabi \u00e0 s&#8217;installer au c\u0153ur de son \u00e9tablissement h\u00f4telier. Rim Laabi est par ailleurs Commissaire d&#8217;exposition, professeure en histoire des arts et des id\u00e9es \u00e0 la Facult\u00e9 des Lettres et des Sciences humaines de l&#8217;Universit\u00e9 Mohammed V de Rabat, et \u00e9galement conceptrice et animatrice de l&#8217;atelier d&#8217;arts plastiques et sciences de l&#8217;art de cette m\u00eame Universit\u00e9.<\/p>\n\n\n\n<p>Carte blanche donc \u00e0 cette ancienne pensionnaire de la Cit\u00e9 des Arts de Paris, \u00e9galement l&#8217;une des premi\u00e8res femmes marocaines dipl\u00f4m\u00e9e en arts et sciences de l&#8217;art (Paris 1-La Sorbonne) qui a investi le lobby de l&#8217;embl\u00e9matique \u00e9tablissement h\u00f4telier marrakchi avec l&#8217;une de ses \u0153uvres majeures et monumentales&nbsp;: \u00abR\u00e9cits des bords de l&#8217;eau, question de fronti\u00e8res, souvenirs humides\u00bb.<\/p>\n\n\n\n<p>Plus qu&#8217;une exposition, c&#8217;est une \u00e9vidence pour ces deux univers qui ont fait le choix, avec l&#8217;art pour m\u00e9dium, de transmettre en stimulant la curiosit\u00e9, l&#8217;imagination et l&#8217;\u00e9vasion. Une rencontre symbolique&nbsp;! En \u00abR\u00bb, l&#8217;initiale du pr\u00e9nom de l&#8217;artiste, Rim, et aussi de Radisson. Puis, en bleu, couleur de l&#8217;\u0153uvre aujourd&#8217;hui choisie \u00e0 l&#8217;exposition et du logo du groupe h\u00f4telier mondial.<\/p>\n","protected":false},"excerpt":{"rendered":"<p>L&#8217;h\u00f4tel Radisson Blu Carr\u00e9 \u00c9den Marrakech a convi\u00e9 l&#8217;artiste plasticienne Rim Laabi \u00e0 s&#8217;installer au c\u0153ur de son \u00e9tablissement h\u00f4telier. Rim Laabi est par ailleurs Commissaire d&#8217;exposition, professeure en histoire des arts et des id\u00e9es \u00e0 la Facult\u00e9 des Lettres et des Sciences humaines de l&#8217;Universit\u00e9 Mohammed V de Rabat, et \u00e9galement conceptrice et animatrice &hellip;<\/p>\n","protected":false},"author":9,"featured_media":26466,"comment_status":"open","ping_status":"closed","sticky":false,"template":"","format":"standard","meta":{"footnotes":""},"categories":[341],"tags":[],"class_list":["post-26465","post","type-post","status-publish","format-standard","has-post-thumbnail","hentry","category-exposition"],"_links":{"self":[{"href":"https:\/\/letempsmag.ma\/index.php?rest_route=\/wp\/v2\/posts\/26465","targetHints":{"allow":["GET"]}}],"collection":[{"href":"https:\/\/letempsmag.ma\/index.php?rest_route=\/wp\/v2\/posts"}],"about":[{"href":"https:\/\/letempsmag.ma\/index.php?rest_route=\/wp\/v2\/types\/post"}],"author":[{"embeddable":true,"href":"https:\/\/letempsmag.ma\/index.php?rest_route=\/wp\/v2\/users\/9"}],"replies":[{"embeddable":true,"href":"https:\/\/letempsmag.ma\/index.php?rest_route=%2Fwp%2Fv2%2Fcomments&post=26465"}],"version-history":[{"count":1,"href":"https:\/\/letempsmag.ma\/index.php?rest_route=\/wp\/v2\/posts\/26465\/revisions"}],"predecessor-version":[{"id":26467,"href":"https:\/\/letempsmag.ma\/index.php?rest_route=\/wp\/v2\/posts\/26465\/revisions\/26467"}],"wp:featuredmedia":[{"embeddable":true,"href":"https:\/\/letempsmag.ma\/index.php?rest_route=\/wp\/v2\/media\/26466"}],"wp:attachment":[{"href":"https:\/\/letempsmag.ma\/index.php?rest_route=%2Fwp%2Fv2%2Fmedia&parent=26465"}],"wp:term":[{"taxonomy":"category","embeddable":true,"href":"https:\/\/letempsmag.ma\/index.php?rest_route=%2Fwp%2Fv2%2Fcategories&post=26465"},{"taxonomy":"post_tag","embeddable":true,"href":"https:\/\/letempsmag.ma\/index.php?rest_route=%2Fwp%2Fv2%2Ftags&post=26465"}],"curies":[{"name":"wp","href":"https:\/\/api.w.org\/{rel}","templated":true}]}}